{"id":26580,"date":"2018-05-14T09:14:30","date_gmt":"2018-05-14T08:14:30","guid":{"rendered":"https:\/\/capotex.com\/capotex-auf-der-ifat-2018\/"},"modified":"2023-07-22T08:00:44","modified_gmt":"2023-07-22T07:00:44","slug":"capotex-auf-der-ifat-2018","status":"publish","type":"post","link":"https:\/\/www.capotex.com\/de\/capotex-auf-der-ifat-2018\/","title":{"rendered":"Capotex auf der IFAT 2018"},"content":{"rendered":"\t\t<div data-elementor-type=\"wp-post\" data-elementor-id=\"26580\" class=\"elementor elementor-26580 elementor-2915\" data-elementor-post-type=\"post\">\n\t\t\t\t\t\t<section class=\"elementor-section elementor-top-section elementor-element elementor-element-e972572 elementor-section-boxed elementor-section-height-default elementor-section-height-default\" data-id=\"e972572\" data-element_type=\"section\" data-e-type=\"section\">\n\t\t\t\t\t\t<div class=\"elementor-container elementor-column-gap-default\">\n\t\t\t\t\t<div class=\"elementor-column elementor-col-100 elementor-top-column elementor-element elementor-element-649064c\" data-id=\"649064c\" data-element_type=\"column\" data-e-type=\"column\">\n\t\t\t<div class=\"elementor-widget-wrap elementor-element-populated\">\n\t\t\t\t\t\t<div class=\"elementor-element elementor-element-25a3415 elementor-widget elementor-widget-text-editor\" data-id=\"25a3415\" data-element_type=\"widget\" data-e-type=\"widget\" data-widget_type=\"text-editor.default\">\n\t\t\t\t<div class=\"elementor-widget-container\">\n\t\t\t\t\t\t\t\t\t<p><a href=\"https:\/\/www.capotex.com\/de\/blog-nachrichten\/\">Zur\u00fcck zu Blog &amp; Nachrichten<\/a><\/p>\n\t\t\t\t\t\t\t\t<\/div>\n\t\t\t\t<\/div>\n\t\t\t\t<div class=\"elementor-element elementor-element-90b6bff elementor-widget elementor-widget-heading\" data-id=\"90b6bff\" data-element_type=\"widget\" data-e-type=\"widget\" data-widget_type=\"heading.default\">\n\t\t\t\t<div class=\"elementor-widget-container\">\n\t\t\t\t\t<h1 class=\"elementor-heading-title elementor-size-default\">Capotex auf der IFAT 2018<\/h1>\t\t\t\t<\/div>\n\t\t\t\t<\/div>\n\t\t\t\t<div class=\"elementor-element elementor-element-88db11f animated-slow elementor-widget__width-inherit elementor-invisible elementor-widget elementor-widget-image\" data-id=\"88db11f\" data-element_type=\"widget\" data-e-type=\"widget\" data-settings=\"{&quot;_animation&quot;:&quot;zoomIn&quot;}\" data-widget_type=\"image.default\">\n\t\t\t\t<div class=\"elementor-widget-container\">\n\t\t\t\t\t\t\t\t\t\t\t\t\t\t\t<img fetchpriority=\"high\" decoding=\"async\" width=\"600\" height=\"300\" src=\"https:\/\/www.capotex.com\/wp-content\/uploads\/2018\/05\/IFAT-2018.webp\" class=\"attachment-full size-full wp-image-24247\" alt=\"IFAT 2018\" srcset=\"https:\/\/www.capotex.com\/wp-content\/uploads\/2018\/05\/IFAT-2018.webp 600w, https:\/\/www.capotex.com\/wp-content\/uploads\/2018\/05\/IFAT-2018-300x150.webp 300w\" sizes=\"(max-width: 600px) 100vw, 600px\" \/>\t\t\t\t\t\t\t\t\t\t\t\t\t\t\t<\/div>\n\t\t\t\t<\/div>\n\t\t\t\t<div class=\"elementor-element elementor-element-13921c1 elementor-widget elementor-widget-text-editor\" data-id=\"13921c1\" data-element_type=\"widget\" data-e-type=\"widget\" data-widget_type=\"text-editor.default\">\n\t\t\t\t<div class=\"elementor-widget-container\">\n\t\t\t\t\t\t\t\t\tMai 14, 2018\t\t\t\t\t\t\t\t<\/div>\n\t\t\t\t<\/div>\n\t\t\t\t<div class=\"elementor-element elementor-element-84a3623 elementor-widget elementor-widget-text-editor\" data-id=\"84a3623\" data-element_type=\"widget\" data-e-type=\"widget\" data-widget_type=\"text-editor.default\">\n\t\t\t\t<div class=\"elementor-widget-container\">\n\t\t\t\t\t\t\t\t\t<p>Capotex nimmt an der Messe <a href=\"https:\/\/ifat.de\/\" target=\"_blank\" rel=\"noopener\">IFAT<\/a> 2018 teil, die vom 14. bis 18. Mai in M\u00fcnchen stattfindet, und hat die Unterst\u00fctzung von ICEX sowie die Kofinanzierung von europ\u00e4ischen EFRE-Mitteln erhalten, die zum wirtschaftlichen Wachstum dieses Unternehmens, seiner Region und Spaniens insgesamt beigetragen haben.<\/p>\n\t\t\t\t\t\t\t\t<\/div>\n\t\t\t\t<\/div>\n\t\t\t\t\t<\/div>\n\t\t<\/div>\n\t\t\t\t\t<\/div>\n\t\t<\/section>\n\t\t<div class=\"elementor-element elementor-element-05e9500 e-flex e-con-boxed e-con e-parent\" data-id=\"05e9500\" data-element_type=\"container\" data-e-type=\"container\">\n\t\t\t\t\t<div class=\"e-con-inner\">\n\t\t\t\t<div class=\"elementor-element elementor-element-c01dc7f elementor-post-navigation-borders-yes elementor-widget elementor-widget-post-navigation\" data-id=\"c01dc7f\" data-element_type=\"widget\" data-e-type=\"widget\" data-widget_type=\"post-navigation.default\">\n\t\t\t\t<div class=\"elementor-widget-container\">\n\t\t\t\t\t\t\t<div class=\"elementor-post-navigation\" role=\"navigation\" aria-label=\"Beitrag Navigation\">\n\t\t\t<div class=\"elementor-post-navigation__prev elementor-post-navigation__link\">\n\t\t\t\t<a href=\"https:\/\/www.capotex.com\/de\/abdecken-von-foerderbaendern-zur-vermeidung-von-unfaellen\/\" rel=\"prev\"><span class=\"post-navigation__arrow-wrapper post-navigation__arrow-prev\"><i aria-hidden=\"true\" class=\"fas fa-angle-left\"><\/i><span class=\"elementor-screen-only\">Zur\u00fcck<\/span><\/span><span class=\"elementor-post-navigation__link__prev\"><span class=\"post-navigation__prev--label\">Vorherige<\/span><span class=\"post-navigation__prev--title\">Abdeckhauben f\u00fcr F\u00f6rderb\u00e4nder zur Vermeidung von Unf\u00e4llen<\/span><\/span><\/a>\t\t\t<\/div>\n\t\t\t\t\t\t\t<div class=\"elementor-post-navigation__separator-wrapper\">\n\t\t\t\t\t<div class=\"elementor-post-navigation__separator\"><\/div>\n\t\t\t\t<\/div>\n\t\t\t\t\t\t<div class=\"elementor-post-navigation__next elementor-post-navigation__link\">\n\t\t\t\t<a href=\"https:\/\/www.capotex.com\/de\/capotex-sponsor-des-gain-forums\/\" rel=\"next\"><span class=\"elementor-post-navigation__link__next\"><span class=\"post-navigation__next--label\">Weiter<\/span><span class=\"post-navigation__next--title\">Capotex, Sponsor des GAIN-Forums<\/span><\/span><span class=\"post-navigation__arrow-wrapper post-navigation__arrow-next\"><i aria-hidden=\"true\" class=\"fas fa-angle-right\"><\/i><span class=\"elementor-screen-only\">N\u00e4chster<\/span><\/span><\/a>\t\t\t<\/div>\n\t\t<\/div>\n\t\t\t\t\t\t<\/div>\n\t\t\t\t<\/div>\n\t\t\t\t\t<\/div>\n\t\t\t\t<\/div>\n\t\t\t\t<\/div>\n\t\t","protected":false},"excerpt":{"rendered":"<p>Zur\u00fcck zu Blog &amp; Nachrichten Capotex nimmt an der Messe IFAT 2018 teil, die vom 14. bis 18. Mai in M\u00fcnchen stattfindet, und hat die Unterst\u00fctzung von ICEX sowie die Kofinanzierung von europ\u00e4ischen EFRE-Mitteln erhalten, die zum wirtschaftlichen Wachstum dieses Unternehmens, seiner Region und Spaniens insgesamt beigetragen haben.<\/p>\n","protected":false},"author":1,"featured_media":24247,"comment_status":"closed","ping_status":"closed","sticky":false,"template":"","format":"standard","meta":{"_joinchat":[],"footnotes":""},"categories":[81],"tags":[],"class_list":["post-26580","post","type-post","status-publish","format-standard","has-post-thumbnail","hentry","category-messen-und-ausstellungen"],"_links":{"self":[{"href":"https:\/\/www.capotex.com\/de\/wp-json\/wp\/v2\/posts\/26580","targetHints":{"allow":["GET"]}}],"collection":[{"href":"https:\/\/www.capotex.com\/de\/wp-json\/wp\/v2\/posts"}],"about":[{"href":"https:\/\/www.capotex.com\/de\/wp-json\/wp\/v2\/types\/post"}],"author":[{"embeddable":true,"href":"https:\/\/www.capotex.com\/de\/wp-json\/wp\/v2\/users\/1"}],"replies":[{"embeddable":true,"href":"https:\/\/www.capotex.com\/de\/wp-json\/wp\/v2\/comments?post=26580"}],"version-history":[{"count":1,"href":"https:\/\/www.capotex.com\/de\/wp-json\/wp\/v2\/posts\/26580\/revisions"}],"predecessor-version":[{"id":26583,"href":"https:\/\/www.capotex.com\/de\/wp-json\/wp\/v2\/posts\/26580\/revisions\/26583"}],"wp:featuredmedia":[{"embeddable":true,"href":"https:\/\/www.capotex.com\/de\/wp-json\/wp\/v2\/media\/24247"}],"wp:attachment":[{"href":"https:\/\/www.capotex.com\/de\/wp-json\/wp\/v2\/media?parent=26580"}],"wp:term":[{"taxonomy":"category","embeddable":true,"href":"https:\/\/www.capotex.com\/de\/wp-json\/wp\/v2\/categories?post=26580"},{"taxonomy":"post_tag","embeddable":true,"href":"https:\/\/www.capotex.com\/de\/wp-json\/wp\/v2\/tags?post=26580"}],"curies":[{"name":"wp","href":"https:\/\/api.w.org\/{rel}","templated":true}]}}