{"id":26650,"date":"2018-10-11T10:22:31","date_gmt":"2018-10-11T09:22:31","guid":{"rendered":"https:\/\/capotex.com\/wir-erwarten-sie-an-unserem-stand-auf-der-solids-dortmund-7-8-november-2018\/"},"modified":"2023-07-22T08:33:20","modified_gmt":"2023-07-22T07:33:20","slug":"wir-erwarten-sie-an-unserem-stand-auf-der-solids-dortmund-7-8-november-2018","status":"publish","type":"post","link":"https:\/\/www.capotex.com\/de\/wir-erwarten-sie-an-unserem-stand-auf-der-solids-dortmund-7-8-november-2018\/","title":{"rendered":"Wir erwarten Sie an unserem Stand auf der SOLIDS DORTMUND (7.\/8. November 2018)"},"content":{"rendered":"\t\t<div data-elementor-type=\"wp-post\" data-elementor-id=\"26650\" class=\"elementor elementor-26650 elementor-3090\" data-elementor-post-type=\"post\">\n\t\t\t\t\t\t<section class=\"elementor-section elementor-top-section elementor-element elementor-element-0f9722f elementor-section-boxed elementor-section-height-default elementor-section-height-default\" data-id=\"0f9722f\" data-element_type=\"section\" data-e-type=\"section\">\n\t\t\t\t\t\t<div class=\"elementor-container elementor-column-gap-default\">\n\t\t\t\t\t<div class=\"elementor-column elementor-col-100 elementor-top-column elementor-element elementor-element-eca7890\" data-id=\"eca7890\" data-element_type=\"column\" data-e-type=\"column\">\n\t\t\t<div class=\"elementor-widget-wrap elementor-element-populated\">\n\t\t\t\t\t\t<div class=\"elementor-element elementor-element-037c1bc elementor-widget elementor-widget-text-editor\" data-id=\"037c1bc\" data-element_type=\"widget\" data-e-type=\"widget\" data-widget_type=\"text-editor.default\">\n\t\t\t\t<div class=\"elementor-widget-container\">\n\t\t\t\t\t\t\t\t\t<p><a href=\"https:\/\/www.capotex.com\/de\/blog-nachrichten\/\">Zur\u00fcck zu Blog &amp; Nachrichten<\/a><\/p>\n\t\t\t\t\t\t\t\t<\/div>\n\t\t\t\t<\/div>\n\t\t\t\t<div class=\"elementor-element elementor-element-337df1b elementor-widget elementor-widget-heading\" data-id=\"337df1b\" data-element_type=\"widget\" data-e-type=\"widget\" data-widget_type=\"heading.default\">\n\t\t\t\t<div class=\"elementor-widget-container\">\n\t\t\t\t\t<h1 class=\"elementor-heading-title elementor-size-default\">Wir erwarten Sie an unserem Stand auf der SOLIDS DORTMUND (7.\/8. November 2018)<\/h1>\t\t\t\t<\/div>\n\t\t\t\t<\/div>\n\t\t\t\t<div class=\"elementor-element elementor-element-28dc843 animated-slow elementor-invisible elementor-widget elementor-widget-image\" data-id=\"28dc843\" data-element_type=\"widget\" data-e-type=\"widget\" data-settings=\"{&quot;_animation&quot;:&quot;zoomIn&quot;}\" data-widget_type=\"image.default\">\n\t\t\t\t<div class=\"elementor-widget-container\">\n\t\t\t\t\t\t\t\t\t\t\t\t\t\t\t<img fetchpriority=\"high\" decoding=\"async\" width=\"288\" height=\"240\" src=\"https:\/\/www.capotex.com\/wp-content\/uploads\/2018\/10\/Dortmund-2018.webp\" class=\"attachment-full size-full wp-image-24190\" alt=\"\" \/>\t\t\t\t\t\t\t\t\t\t\t\t\t\t\t<\/div>\n\t\t\t\t<\/div>\n\t\t\t\t<div class=\"elementor-element elementor-element-501fde9 elementor-widget elementor-widget-text-editor\" data-id=\"501fde9\" data-element_type=\"widget\" data-e-type=\"widget\" data-widget_type=\"text-editor.default\">\n\t\t\t\t<div class=\"elementor-widget-container\">\n\t\t\t\t\t\t\t\t\tOktober 11, 2018\t\t\t\t\t\t\t\t<\/div>\n\t\t\t\t<\/div>\n\t\t\t\t<div class=\"elementor-element elementor-element-d6ce395 elementor-widget elementor-widget-text-editor\" data-id=\"d6ce395\" data-element_type=\"widget\" data-e-type=\"widget\" data-widget_type=\"text-editor.default\">\n\t\t\t\t<div class=\"elementor-widget-container\">\n\t\t\t\t\t\t\t\t\t<div><span style=\"font-family: Calibri, sans-serif; font-size: small;\"><span style=\"font-size: medium;\"><br \/>\n  <span lang=\"en-IE\"><a href=\"https:\/\/www.solids-dortmund.de\/\" target=\"_blank\" rel=\"noopener\">SOLIDS DORTMUND<\/a>,<\/span><br \/>\n<\/span><span style=\"font-size: medium;\"><br \/>\n  <span lang=\"en-IE\"> <\/span><br \/>\n<\/span><span style=\"color: #333333; font-size: medium;\"><br \/>\n  <span lang=\"en-IE\">die Fachmesse f\u00fcr Granulat-, Pulver- und Sch\u00fcttguttechnologien findet in der Messe Dortmund in den Hallen 4, 5, 6 &amp; 7 statt.<\/span><br \/>\n<\/span><\/span><\/div>\n<div><span style=\"font-family: Calibri, sans-serif; font-size: small;\"><span style=\"font-size: medium;\"><span lang=\"en-IE\">Das Ausstellerspektrum deckt die gesamte Wertsch\u00f6pfungskette der Prozesstechnologien von Granulaten, Pulvern und Sch\u00fcttguttechnologien ab und dient als ideale Plattform, um sich mit Anbietern \u00fcber neue Produkte und L\u00f6sungen auszutauschen. SOLIDS Dortmund verbindet eine erstklassige Ausstellung mit einem hochkar\u00e4tigen Showprogramm und zahlreichen Networking-M\u00f6glichkeiten.<\/span><\/span><\/span><\/div>\n\t\t\t\t\t\t\t\t<\/div>\n\t\t\t\t<\/div>\n\t\t\t\t\t<\/div>\n\t\t<\/div>\n\t\t\t\t\t<\/div>\n\t\t<\/section>\n\t\t<div class=\"elementor-element elementor-element-21ddb52 e-flex e-con-boxed e-con e-parent\" data-id=\"21ddb52\" data-element_type=\"container\" data-e-type=\"container\">\n\t\t\t\t\t<div class=\"e-con-inner\">\n\t\t\t\t<div class=\"elementor-element elementor-element-d3aea12 elementor-post-navigation-borders-yes elementor-widget elementor-widget-post-navigation\" data-id=\"d3aea12\" data-element_type=\"widget\" data-e-type=\"widget\" data-widget_type=\"post-navigation.default\">\n\t\t\t\t<div class=\"elementor-widget-container\">\n\t\t\t\t\t\t\t<div class=\"elementor-post-navigation\" role=\"navigation\" aria-label=\"Beitrag Navigation\">\n\t\t\t<div class=\"elementor-post-navigation__prev elementor-post-navigation__link\">\n\t\t\t\t<a href=\"https:\/\/www.capotex.com\/de\/wie-entsteht-der-staub-bei-der-ausbeutung-von-gesteinen\/\" rel=\"prev\"><span class=\"post-navigation__arrow-wrapper post-navigation__arrow-prev\"><i aria-hidden=\"true\" class=\"fas fa-angle-left\"><\/i><span class=\"elementor-screen-only\">Zur\u00fcck<\/span><\/span><span class=\"elementor-post-navigation__link__prev\"><span class=\"post-navigation__prev--label\">Vorherige<\/span><span class=\"post-navigation__prev--title\">Wie entsteht der Staub bei der Ausbeutung von Gesteinen?<\/span><\/span><\/a>\t\t\t<\/div>\n\t\t\t\t\t\t\t<div class=\"elementor-post-navigation__separator-wrapper\">\n\t\t\t\t\t<div class=\"elementor-post-navigation__separator\"><\/div>\n\t\t\t\t<\/div>\n\t\t\t\t\t\t<div class=\"elementor-post-navigation__next elementor-post-navigation__link\">\n\t\t\t\t<a href=\"https:\/\/www.capotex.com\/de\/wie-weit-kann-der-wind-den-bei-der-ausbeutung-eines-aggregats-entstehenden-staub-tragen\/\" rel=\"next\"><span class=\"elementor-post-navigation__link__next\"><span class=\"post-navigation__next--label\">Weiter<\/span><span class=\"post-navigation__next--title\">Wie weit kann der Wind den bei der Ausbeutung eines Aggregats entstehenden Staub tragen?<\/span><\/span><span class=\"post-navigation__arrow-wrapper post-navigation__arrow-next\"><i aria-hidden=\"true\" class=\"fas fa-angle-right\"><\/i><span class=\"elementor-screen-only\">N\u00e4chster<\/span><\/span><\/a>\t\t\t<\/div>\n\t\t<\/div>\n\t\t\t\t\t\t<\/div>\n\t\t\t\t<\/div>\n\t\t\t\t\t<\/div>\n\t\t\t\t<\/div>\n\t\t\t\t<\/div>\n\t\t","protected":false},"excerpt":{"rendered":"<p>Zur\u00fcck zu Blog &amp; Nachrichten SOLIDS DORTMUND, die Fachmesse f\u00fcr Granulat-, Pulver- und Sch\u00fcttguttechnologien findet in der Messe Dortmund in den Hallen 4, 5, 6 &amp; 7 statt. Das Ausstellerspektrum deckt die gesamte Wertsch\u00f6pfungskette der Prozesstechnologien von Granulaten, Pulvern und Sch\u00fcttguttechnologien ab und dient als ideale Plattform, um sich mit Anbietern \u00fcber neue Produkte und [&hellip;]<\/p>\n","protected":false},"author":1,"featured_media":24190,"comment_status":"closed","ping_status":"closed","sticky":false,"template":"","format":"standard","meta":{"_joinchat":[],"footnotes":""},"categories":[81],"tags":[],"class_list":["post-26650","post","type-post","status-publish","format-standard","has-post-thumbnail","hentry","category-messen-und-ausstellungen"],"_links":{"self":[{"href":"https:\/\/www.capotex.com\/de\/wp-json\/wp\/v2\/posts\/26650","targetHints":{"allow":["GET"]}}],"collection":[{"href":"https:\/\/www.capotex.com\/de\/wp-json\/wp\/v2\/posts"}],"about":[{"href":"https:\/\/www.capotex.com\/de\/wp-json\/wp\/v2\/types\/post"}],"author":[{"embeddable":true,"href":"https:\/\/www.capotex.com\/de\/wp-json\/wp\/v2\/users\/1"}],"replies":[{"embeddable":true,"href":"https:\/\/www.capotex.com\/de\/wp-json\/wp\/v2\/comments?post=26650"}],"version-history":[{"count":1,"href":"https:\/\/www.capotex.com\/de\/wp-json\/wp\/v2\/posts\/26650\/revisions"}],"predecessor-version":[{"id":26658,"href":"https:\/\/www.capotex.com\/de\/wp-json\/wp\/v2\/posts\/26650\/revisions\/26658"}],"wp:featuredmedia":[{"embeddable":true,"href":"https:\/\/www.capotex.com\/de\/wp-json\/wp\/v2\/media\/24190"}],"wp:attachment":[{"href":"https:\/\/www.capotex.com\/de\/wp-json\/wp\/v2\/media?parent=26650"}],"wp:term":[{"taxonomy":"category","embeddable":true,"href":"https:\/\/www.capotex.com\/de\/wp-json\/wp\/v2\/categories?post=26650"},{"taxonomy":"post_tag","embeddable":true,"href":"https:\/\/www.capotex.com\/de\/wp-json\/wp\/v2\/tags?post=26650"}],"curies":[{"name":"wp","href":"https:\/\/api.w.org\/{rel}","templated":true}]}}