{"id":26656,"date":"2022-05-09T11:07:29","date_gmt":"2022-05-09T10:07:29","guid":{"rendered":"https:\/\/capotex.com\/capotex-wird-auf-der-batimatec-2022-in-alger-vom-15-bis-19-mai-in-halle-a-stand-as37-vertreten-sein\/"},"modified":"2023-07-22T08:33:22","modified_gmt":"2023-07-22T07:33:22","slug":"capotex-wird-auf-der-batimatec-2022-in-alger-vom-15-bis-19-mai-in-halle-a-stand-as37-vertreten-sein","status":"publish","type":"post","link":"https:\/\/www.capotex.com\/de\/capotex-wird-auf-der-batimatec-2022-in-alger-vom-15-bis-19-mai-in-halle-a-stand-as37-vertreten-sein\/","title":{"rendered":"Capotex wird auf der BATIMATEC 2022 in Alger vom 15. bis 19. Mai in Halle A, Stand AS37 vertreten sein."},"content":{"rendered":"\t\t<div data-elementor-type=\"wp-post\" data-elementor-id=\"26656\" class=\"elementor elementor-26656 elementor-18798\" data-elementor-post-type=\"post\">\n\t\t\t\t<div class=\"elementor-element elementor-element-4009227 e-flex e-con-boxed e-con e-parent\" data-id=\"4009227\" data-element_type=\"container\" data-e-type=\"container\" data-settings=\"{&quot;background_background&quot;:&quot;classic&quot;}\">\n\t\t\t\t\t<div class=\"e-con-inner\">\n\t\t\t\t<div class=\"elementor-element elementor-element-d4d7237 elementor-widget elementor-widget-text-editor\" data-id=\"d4d7237\" data-element_type=\"widget\" data-e-type=\"widget\" data-widget_type=\"text-editor.default\">\n\t\t\t\t<div class=\"elementor-widget-container\">\n\t\t\t\t\t\t\t\t\t<p><a href=\"https:\/\/www.capotex.com\/de\/blog-nachrichten\/\">Zur\u00fcck zu Blog &amp; Nachrichten<\/a><\/p>\n\t\t\t\t\t\t\t\t<\/div>\n\t\t\t\t<\/div>\n\t\t\t\t<div class=\"elementor-element elementor-element-8bd3663 elementor-widget elementor-widget-image\" data-id=\"8bd3663\" data-element_type=\"widget\" data-e-type=\"widget\" data-widget_type=\"image.default\">\n\t\t\t\t<div class=\"elementor-widget-container\">\n\t\t\t\t\t\t\t\t\t\t\t\t\t\t\t<img fetchpriority=\"high\" decoding=\"async\" width=\"455\" height=\"303\" src=\"https:\/\/www.capotex.com\/wp-content\/uploads\/2022\/05\/Capotex-at-Batimatec-2022.webp\" class=\"attachment-full size-full wp-image-23344\" alt=\"Capotex will be present at Batimatec trade fair 2022\" srcset=\"https:\/\/www.capotex.com\/wp-content\/uploads\/2022\/05\/Capotex-at-Batimatec-2022.webp 455w, https:\/\/www.capotex.com\/wp-content\/uploads\/2022\/05\/Capotex-at-Batimatec-2022-300x200.webp 300w\" sizes=\"(max-width: 455px) 100vw, 455px\" \/>\t\t\t\t\t\t\t\t\t\t\t\t\t\t\t<\/div>\n\t\t\t\t<\/div>\n\t\t<div class=\"elementor-element elementor-element-5f51972 e-con-full animated-slow e-flex elementor-invisible e-con e-parent\" data-id=\"5f51972\" data-element_type=\"container\" data-e-type=\"container\" data-settings=\"{&quot;background_background&quot;:&quot;classic&quot;,&quot;animation&quot;:&quot;fadeIn&quot;}\">\n\t\t\t\t<div class=\"elementor-element elementor-element-9deb9de elementor-widget-divider--view-line_icon elementor-view-default elementor-widget-divider--element-align-center elementor-widget elementor-widget-divider\" data-id=\"9deb9de\" data-element_type=\"widget\" data-e-type=\"widget\" data-widget_type=\"divider.default\">\n\t\t\t\t<div class=\"elementor-widget-container\">\n\t\t\t\t\t\t\t<div class=\"elementor-divider\">\n\t\t\t<span class=\"elementor-divider-separator\">\n\t\t\t\t\t\t\t<div class=\"elementor-icon elementor-divider__element\">\n\t\t\t\t\t<i aria-hidden=\"true\" class=\"far fa-newspaper\"><\/i><\/div>\n\t\t\t\t\t\t<\/span>\n\t\t<\/div>\n\t\t\t\t\t\t<\/div>\n\t\t\t\t<\/div>\n\t\t\t\t<div class=\"elementor-element elementor-element-db54e0e elementor-widget elementor-widget-text-editor\" data-id=\"db54e0e\" data-element_type=\"widget\" data-e-type=\"widget\" data-widget_type=\"text-editor.default\">\n\t\t\t\t<div class=\"elementor-widget-container\">\n\t\t\t\t\t\t\t\t\t<p>Capotex wird auf der <strong><a href=\"https:\/\/www.batimatecexpo.com\/\" target=\"_blank\" rel=\"noopener\">BATIMATEC<\/a> 2022<\/strong> in Alger vom 15. bis 19. Mai in Halle A, Stand AS37 vertreten sein.<\/p>\n<p>Die wichtigsten von der BATIMATEC EXPO organisierten Ausstellungen:<\/p>\n<p>&#8211; Internationale Ausstellung f\u00fcr Bauwesen, Baumaterialien und \u00f6ffentliche Arbeiten in Zusammenarbeit mit der algerischen Gesellschaft f\u00fcr Messen und Exporte (SAFEX);<\/p>\n<p>&#8211; Die Ausstellung ALGER INDUSTRIES in Zusammenarbeit mit dem Business Club f\u00fcr die Entwicklung franz\u00f6sischer Unternehmen in Algerien CADEFA.<\/p>\n<p>Besuchen Sie uns an unserem Stand und informieren Sie sich \u00fcber die neuesten Nachrichten und Aktualisierungen bei Capotex. Wir werden auf Sie warten!<\/p>\n\t\t\t\t\t\t\t\t<\/div>\n\t\t\t\t<\/div>\n\t\t\t\t<\/div>\n\t\t\t\t\t<\/div>\n\t\t\t\t<\/div>\n\t\t<div class=\"elementor-element elementor-element-d76859a e-flex e-con-boxed e-con e-parent\" data-id=\"d76859a\" data-element_type=\"container\" data-e-type=\"container\">\n\t\t\t\t\t<div class=\"e-con-inner\">\n\t\t\t\t<div class=\"elementor-element elementor-element-e64a74f elementor-post-navigation-borders-yes elementor-widget elementor-widget-post-navigation\" data-id=\"e64a74f\" data-element_type=\"widget\" data-e-type=\"widget\" data-widget_type=\"post-navigation.default\">\n\t\t\t\t<div class=\"elementor-widget-container\">\n\t\t\t\t\t\t\t<div class=\"elementor-post-navigation\" role=\"navigation\" aria-label=\"Beitrag Navigation\">\n\t\t\t<div class=\"elementor-post-navigation__prev elementor-post-navigation__link\">\n\t\t\t\t<a href=\"https:\/\/www.capotex.com\/de\/capotex-und-die-messe-sim-marseille-2022\/\" rel=\"prev\"><span class=\"post-navigation__arrow-wrapper post-navigation__arrow-prev\"><i aria-hidden=\"true\" class=\"fas fa-angle-left\"><\/i><span class=\"elementor-screen-only\">Zur\u00fcck<\/span><\/span><span class=\"elementor-post-navigation__link__prev\"><span class=\"post-navigation__prev--label\">Vorherige<\/span><span class=\"post-navigation__prev--title\">Capotex und die Messe SIM Marseille 2022<\/span><\/span><\/a>\t\t\t<\/div>\n\t\t\t\t\t\t\t<div class=\"elementor-post-navigation__separator-wrapper\">\n\t\t\t\t\t<div class=\"elementor-post-navigation__separator\"><\/div>\n\t\t\t\t<\/div>\n\t\t\t\t\t\t<div class=\"elementor-post-navigation__next elementor-post-navigation__link\">\n\t\t\t\t<a href=\"https:\/\/www.capotex.com\/de\/besuchen-sie-uns-auf-den-naechsten-messen-im-herbst\/\" rel=\"next\"><span class=\"elementor-post-navigation__link__next\"><span class=\"post-navigation__next--label\">Weiter<\/span><span class=\"post-navigation__next--title\">Besuchen Sie uns auf den n\u00e4chsten Messen im Herbst<\/span><\/span><span class=\"post-navigation__arrow-wrapper post-navigation__arrow-next\"><i aria-hidden=\"true\" class=\"fas fa-angle-right\"><\/i><span class=\"elementor-screen-only\">N\u00e4chster<\/span><\/span><\/a>\t\t\t<\/div>\n\t\t<\/div>\n\t\t\t\t\t\t<\/div>\n\t\t\t\t<\/div>\n\t\t\t\t\t<\/div>\n\t\t\t\t<\/div>\n\t\t\t\t<\/div>\n\t\t","protected":false},"excerpt":{"rendered":"<p>Zur\u00fcck zu Blog &amp; Nachrichten Capotex wird auf der BATIMATEC 2022 in Alger vom 15. bis 19. Mai in Halle A, Stand AS37 vertreten sein. Die wichtigsten von der BATIMATEC EXPO organisierten Ausstellungen: &#8211; Internationale Ausstellung f\u00fcr Bauwesen, Baumaterialien und \u00f6ffentliche Arbeiten in Zusammenarbeit mit der algerischen Gesellschaft f\u00fcr Messen und Exporte (SAFEX); &#8211; Die [&hellip;]<\/p>\n","protected":false},"author":1,"featured_media":23344,"comment_status":"closed","ping_status":"open","sticky":false,"template":"","format":"standard","meta":{"_joinchat":[],"footnotes":""},"categories":[81],"tags":[],"class_list":["post-26656","post","type-post","status-publish","format-standard","has-post-thumbnail","hentry","category-messen-und-ausstellungen"],"_links":{"self":[{"href":"https:\/\/www.capotex.com\/de\/wp-json\/wp\/v2\/posts\/26656","targetHints":{"allow":["GET"]}}],"collection":[{"href":"https:\/\/www.capotex.com\/de\/wp-json\/wp\/v2\/posts"}],"about":[{"href":"https:\/\/www.capotex.com\/de\/wp-json\/wp\/v2\/types\/post"}],"author":[{"embeddable":true,"href":"https:\/\/www.capotex.com\/de\/wp-json\/wp\/v2\/users\/1"}],"replies":[{"embeddable":true,"href":"https:\/\/www.capotex.com\/de\/wp-json\/wp\/v2\/comments?post=26656"}],"version-history":[{"count":1,"href":"https:\/\/www.capotex.com\/de\/wp-json\/wp\/v2\/posts\/26656\/revisions"}],"predecessor-version":[{"id":26663,"href":"https:\/\/www.capotex.com\/de\/wp-json\/wp\/v2\/posts\/26656\/revisions\/26663"}],"wp:featuredmedia":[{"embeddable":true,"href":"https:\/\/www.capotex.com\/de\/wp-json\/wp\/v2\/media\/23344"}],"wp:attachment":[{"href":"https:\/\/www.capotex.com\/de\/wp-json\/wp\/v2\/media?parent=26656"}],"wp:term":[{"taxonomy":"category","embeddable":true,"href":"https:\/\/www.capotex.com\/de\/wp-json\/wp\/v2\/categories?post=26656"},{"taxonomy":"post_tag","embeddable":true,"href":"https:\/\/www.capotex.com\/de\/wp-json\/wp\/v2\/tags?post=26656"}],"curies":[{"name":"wp","href":"https:\/\/api.w.org\/{rel}","templated":true}]}}