{"id":26588,"date":"2018-06-26T09:22:56","date_gmt":"2018-06-26T08:22:56","guid":{"rendered":"https:\/\/capotex.com\/informe-nepsi-deben-reforzarse-las-medidas-para-evitar-la-generacion-y-dispersion-de-particulas-de-polvo-en-origen\/"},"modified":"2023-07-22T08:00:44","modified_gmt":"2023-07-22T07:00:44","slug":"informe-nepsi-deben-reforzarse-las-medidas-para-evitar-la-generacion-y-dispersion-de-particulas-de-polvo-en-origen","status":"publish","type":"post","link":"https:\/\/www.capotex.com\/es\/informe-nepsi-deben-reforzarse-las-medidas-para-evitar-la-generacion-y-dispersion-de-particulas-de-polvo-en-origen\/","title":{"rendered":"Informe NEPSI: Deben reforzarse las medidas para evitar la generaci\u00f3n y dispersi\u00f3n de part\u00edculas de polvo en origen"},"content":{"rendered":"\t\t<div data-elementor-type=\"wp-post\" data-elementor-id=\"26588\" class=\"elementor elementor-26588 elementor-2978\" data-elementor-post-type=\"post\">\n\t\t\t\t\t\t<section class=\"elementor-section elementor-top-section elementor-element elementor-element-550c405 elementor-section-boxed elementor-section-height-default elementor-section-height-default\" data-id=\"550c405\" data-element_type=\"section\" data-e-type=\"section\">\n\t\t\t\t\t\t<div class=\"elementor-container elementor-column-gap-default\">\n\t\t\t\t\t<div class=\"elementor-column elementor-col-100 elementor-top-column elementor-element elementor-element-1e0ab06\" data-id=\"1e0ab06\" data-element_type=\"column\" data-e-type=\"column\">\n\t\t\t<div class=\"elementor-widget-wrap elementor-element-populated\">\n\t\t\t\t\t\t<div class=\"elementor-element elementor-element-a36131d elementor-widget elementor-widget-text-editor\" data-id=\"a36131d\" data-element_type=\"widget\" data-e-type=\"widget\" data-widget_type=\"text-editor.default\">\n\t\t\t\t<div class=\"elementor-widget-container\">\n\t\t\t\t\t\t\t\t\t<p><a href=\"https:\/\/www.capotex.com\/es\/blog-y-noticias\/\">Volver a blog y noticias<\/a><\/p>\n\t\t\t\t\t\t\t\t<\/div>\n\t\t\t\t<\/div>\n\t\t\t\t<div class=\"elementor-element elementor-element-2676b13 elementor-widget elementor-widget-heading\" data-id=\"2676b13\" data-element_type=\"widget\" data-e-type=\"widget\" data-widget_type=\"heading.default\">\n\t\t\t\t<div class=\"elementor-widget-container\">\n\t\t\t\t\t<h1 class=\"elementor-heading-title elementor-size-default\">Informe NEPSI: Deben reforzarse las medidas para evitar la generaci\u00f3n y dispersi\u00f3n de part\u00edculas de polvo en origen<\/h1>\t\t\t\t<\/div>\n\t\t\t\t<\/div>\n\t\t\t\t<div class=\"elementor-element elementor-element-0c3a471 elementor-widget elementor-widget-text-editor\" data-id=\"0c3a471\" data-element_type=\"widget\" data-e-type=\"widget\" data-widget_type=\"text-editor.default\">\n\t\t\t\t<div class=\"elementor-widget-container\">\n\t\t\t\t\t\t\t\t\tjunio 26, 2018\t\t\t\t\t\t\t\t<\/div>\n\t\t\t\t<\/div>\n\t\t\t\t<div class=\"elementor-element elementor-element-483900c elementor-widget elementor-widget-image\" data-id=\"483900c\" data-element_type=\"widget\" data-e-type=\"widget\" data-widget_type=\"image.default\">\n\t\t\t\t<div class=\"elementor-widget-container\">\n\t\t\t\t\t\t\t\t\t\t\t\t\t\t\t<img fetchpriority=\"high\" decoding=\"async\" width=\"2560\" height=\"1920\" src=\"https:\/\/www.capotex.com\/wp-content\/uploads\/2018\/06\/NEPSI-report-2018-scaled.webp\" class=\"attachment-full size-full wp-image-24226\" alt=\"NEPSI report 2018\" srcset=\"https:\/\/www.capotex.com\/wp-content\/uploads\/2018\/06\/NEPSI-report-2018-scaled.webp 2560w, https:\/\/www.capotex.com\/wp-content\/uploads\/2018\/06\/NEPSI-report-2018-300x225.webp 300w, https:\/\/www.capotex.com\/wp-content\/uploads\/2018\/06\/NEPSI-report-2018-1024x768.webp 1024w, https:\/\/www.capotex.com\/wp-content\/uploads\/2018\/06\/NEPSI-report-2018-768x576.webp 768w, https:\/\/www.capotex.com\/wp-content\/uploads\/2018\/06\/NEPSI-report-2018-1536x1152.webp 1536w, https:\/\/www.capotex.com\/wp-content\/uploads\/2018\/06\/NEPSI-report-2018-2048x1536.webp 2048w\" sizes=\"(max-width: 2560px) 100vw, 2560px\" \/>\t\t\t\t\t\t\t\t\t\t\t\t\t\t\t<\/div>\n\t\t\t\t<\/div>\n\t\t\t\t<div class=\"elementor-element elementor-element-52d5d22 elementor-widget elementor-widget-text-editor\" data-id=\"52d5d22\" data-element_type=\"widget\" data-e-type=\"widget\" data-widget_type=\"text-editor.default\">\n\t\t\t\t<div class=\"elementor-widget-container\">\n\t\t\t\t\t\t\t\t\t<p>Como cada dos a\u00f1os, la plataforma <a href=\"https:\/\/nepsi.eu\/\" target=\"_blank\" rel=\"noopener\">NEPSI<\/a> inici\u00f3 en enero la recogida de datos sobre protecci\u00f3n laboral frente a la s\u00edlice cristalina respirable (SCR) entre las explotaciones espa\u00f1olas de \u00e1ridos, destacando que en esta ocasi\u00f3n el n\u00famero de explotaciones participantes ha aumentado un 23% y el n\u00famero de trabajadores un 32%.<\/p>\n<p>Los resultados indican que alrededor de 2 de cada 3 trabajadores de \u00e1ridos est\u00e1n expuestos a SCR y que los par\u00e1metros medidos como trabajadores cubiertos por la evaluaci\u00f3n de riesgos de SCR, las mediciones del nivel de exposici\u00f3n a SCR y la informaci\u00f3n sobre SCR se mantienen estables en porcentajes de alrededor del 95%. Adem\u00e1s, el protocolo de vigilancia sanitaria de la silicosis ha mejorado en un 10%, alcanzando niveles en torno al 90% de los trabajadores. Entre el 85% y el 90% de las explotaciones cuentan con medidas organizativas para los RSC y utilizan equipos de protecci\u00f3n individual adecuados.<\/p>\n<p>Sin embargo, el porcentaje m\u00e1s bajo de explotaciones con medidas para evitar la generaci\u00f3n y dispersi\u00f3n de part\u00edculas de polvo en origen es s\u00f3lo del 75%, un 10% menos que en el informe anterior.<\/p>\n<p>Este a\u00f1o el estudio coincide con la publicaci\u00f3n en el  <a href=\"https:\/\/eur-lex.europa.eu\/legal-content\/EN\/TXT\/?uri=CELEX%3A32017L2398\" target=\"_blank\" rel=\"noopener\">Diario Oficial de la Uni\u00f3n Europea de la Directiva (UE) 2017\/2398<\/a>  del Parlamento Europeo y del Consejo, de 12 de diciembre de 2017, por la que se modifica la Directiva 2004\/37\/CE relativa a la protecci\u00f3n de los trabajadores contra los riesgos relacionados con la exposici\u00f3n a agentes carcin\u00f3genos o mut\u00e1genos durante el trabajo. Los resultados obtenidos se integrar\u00e1n con los del resto de pa\u00edses europeos, tanto en el sector de los \u00e1ridos como en otros sectores firmantes <a href=\"https:\/\/nepsi.eu\/\" target=\"_blank\" rel=\"noopener\">del NEPSI<\/a>, y se publicar\u00e1n en el <a href=\"https:\/\/nepsi.eu\/wp-content\/uploads\/2022\/10\/nepsi_executive_summary_report_2018.pdf\" target=\"_blank\" rel=\"noopener\">Informe NEPSI 2018<\/a>.<\/p>\n<p>Fuente: <a href=\"https:\/\/www.aridos.org\/\" target=\"_blank\" rel=\"noopener\">ANEFA<\/a><\/p>\n\t\t\t\t\t\t\t\t<\/div>\n\t\t\t\t<\/div>\n\t\t\t\t\t<\/div>\n\t\t<\/div>\n\t\t\t\t\t<\/div>\n\t\t<\/section>\n\t\t<div class=\"elementor-element elementor-element-3f07bd6 e-flex e-con-boxed e-con e-parent\" data-id=\"3f07bd6\" data-element_type=\"container\" data-e-type=\"container\">\n\t\t\t\t\t<div class=\"e-con-inner\">\n\t\t\t\t<div class=\"elementor-element elementor-element-2e847a9 elementor-post-navigation-borders-yes elementor-widget elementor-widget-post-navigation\" data-id=\"2e847a9\" data-element_type=\"widget\" data-e-type=\"widget\" data-widget_type=\"post-navigation.default\">\n\t\t\t\t<div class=\"elementor-widget-container\">\n\t\t\t\t\t\t\t<div class=\"elementor-post-navigation\" role=\"navigation\" aria-label=\"Navegaci\u00f3n de la entrada\">\n\t\t\t<div class=\"elementor-post-navigation__prev elementor-post-navigation__link\">\n\t\t\t\t<a href=\"https:\/\/www.capotex.com\/es\/capotex-patrocinador-del-foro-gain\/\" rel=\"prev\"><span class=\"post-navigation__arrow-wrapper post-navigation__arrow-prev\"><i aria-hidden=\"true\" class=\"fas fa-angle-left\"><\/i><span class=\"elementor-screen-only\">Ant<\/span><\/span><span class=\"elementor-post-navigation__link__prev\"><span class=\"post-navigation__prev--label\">Anterior<\/span><span class=\"post-navigation__prev--title\">Capotex, patrocinador del Foro GAIN<\/span><\/span><\/a>\t\t\t<\/div>\n\t\t\t\t\t\t\t<div class=\"elementor-post-navigation__separator-wrapper\">\n\t\t\t\t\t<div class=\"elementor-post-navigation__separator\"><\/div>\n\t\t\t\t<\/div>\n\t\t\t\t\t\t<div class=\"elementor-post-navigation__next elementor-post-navigation__link\">\n\t\t\t\t<a href=\"https:\/\/www.capotex.com\/es\/como-es-el-polvo-generado-por-las-explotaciones-de-aridos\/\" rel=\"next\"><span class=\"elementor-post-navigation__link__next\"><span class=\"post-navigation__next--label\">Siguiente<\/span><span class=\"post-navigation__next--title\">\u00bfC\u00f3mo es el polvo generado por las explotaciones de \u00e1ridos?<\/span><\/span><span class=\"post-navigation__arrow-wrapper post-navigation__arrow-next\"><i aria-hidden=\"true\" class=\"fas fa-angle-right\"><\/i><span class=\"elementor-screen-only\">Siguiente<\/span><\/span><\/a>\t\t\t<\/div>\n\t\t<\/div>\n\t\t\t\t\t\t<\/div>\n\t\t\t\t<\/div>\n\t\t\t\t\t<\/div>\n\t\t\t\t<\/div>\n\t\t\t\t<\/div>\n\t\t","protected":false},"excerpt":{"rendered":"<p>Volver a blog y noticias Como cada dos a\u00f1os, la plataforma NEPSI inici\u00f3 en enero la recogida de datos sobre protecci\u00f3n laboral frente a la s\u00edlice cristalina respirable (SCR) entre las explotaciones espa\u00f1olas de \u00e1ridos, destacando que en esta ocasi\u00f3n el n\u00famero de explotaciones participantes ha aumentado un 23% y el n\u00famero de trabajadores un [&hellip;]<\/p>\n","protected":false},"author":1,"featured_media":24226,"comment_status":"closed","ping_status":"closed","sticky":false,"template":"","format":"standard","meta":{"_joinchat":[],"footnotes":""},"categories":[80],"tags":[],"class_list":["post-26588","post","type-post","status-publish","format-standard","has-post-thumbnail","hentry","category-noticias-sobre-minas-y-canteras"],"_links":{"self":[{"href":"https:\/\/www.capotex.com\/es\/wp-json\/wp\/v2\/posts\/26588","targetHints":{"allow":["GET"]}}],"collection":[{"href":"https:\/\/www.capotex.com\/es\/wp-json\/wp\/v2\/posts"}],"about":[{"href":"https:\/\/www.capotex.com\/es\/wp-json\/wp\/v2\/types\/post"}],"author":[{"embeddable":true,"href":"https:\/\/www.capotex.com\/es\/wp-json\/wp\/v2\/users\/1"}],"replies":[{"embeddable":true,"href":"https:\/\/www.capotex.com\/es\/wp-json\/wp\/v2\/comments?post=26588"}],"version-history":[{"count":1,"href":"https:\/\/www.capotex.com\/es\/wp-json\/wp\/v2\/posts\/26588\/revisions"}],"predecessor-version":[{"id":26590,"href":"https:\/\/www.capotex.com\/es\/wp-json\/wp\/v2\/posts\/26588\/revisions\/26590"}],"wp:featuredmedia":[{"embeddable":true,"href":"https:\/\/www.capotex.com\/es\/wp-json\/wp\/v2\/media\/24226"}],"wp:attachment":[{"href":"https:\/\/www.capotex.com\/es\/wp-json\/wp\/v2\/media?parent=26588"}],"wp:term":[{"taxonomy":"category","embeddable":true,"href":"https:\/\/www.capotex.com\/es\/wp-json\/wp\/v2\/categories?post=26588"},{"taxonomy":"post_tag","embeddable":true,"href":"https:\/\/www.capotex.com\/es\/wp-json\/wp\/v2\/tags?post=26588"}],"curies":[{"name":"wp","href":"https:\/\/api.w.org\/{rel}","templated":true}]}}