{"id":26612,"date":"2018-07-17T07:57:07","date_gmt":"2018-07-17T06:57:07","guid":{"rendered":"https:\/\/capotex.com\/como-es-el-polvo-generado-por-las-explotaciones-de-aridos\/"},"modified":"2023-07-22T08:33:20","modified_gmt":"2023-07-22T07:33:20","slug":"como-es-el-polvo-generado-por-las-explotaciones-de-aridos","status":"publish","type":"post","link":"https:\/\/www.capotex.com\/es\/como-es-el-polvo-generado-por-las-explotaciones-de-aridos\/","title":{"rendered":"\u00bfC\u00f3mo es el polvo generado por las explotaciones de \u00e1ridos?"},"content":{"rendered":"\t\t<div data-elementor-type=\"wp-post\" data-elementor-id=\"26612\" class=\"elementor elementor-26612 elementor-2989\" data-elementor-post-type=\"post\">\n\t\t\t\t\t\t<section class=\"elementor-section elementor-top-section elementor-element elementor-element-34561d7 elementor-section-boxed elementor-section-height-default elementor-section-height-default\" data-id=\"34561d7\" data-element_type=\"section\" data-e-type=\"section\">\n\t\t\t\t\t\t<div class=\"elementor-container elementor-column-gap-default\">\n\t\t\t\t\t<div class=\"elementor-column elementor-col-100 elementor-top-column elementor-element elementor-element-0d69784\" data-id=\"0d69784\" data-element_type=\"column\" data-e-type=\"column\">\n\t\t\t<div class=\"elementor-widget-wrap elementor-element-populated\">\n\t\t\t\t\t\t<div class=\"elementor-element elementor-element-cc611fd elementor-widget elementor-widget-text-editor\" data-id=\"cc611fd\" data-element_type=\"widget\" data-e-type=\"widget\" data-widget_type=\"text-editor.default\">\n\t\t\t\t<div class=\"elementor-widget-container\">\n\t\t\t\t\t\t\t\t\t<p><a href=\"https:\/\/www.capotex.com\/es\/blog-y-noticias\/\">Volver a blog y noticias<\/a><\/p>\n\t\t\t\t\t\t\t\t<\/div>\n\t\t\t\t<\/div>\n\t\t\t\t<div class=\"elementor-element elementor-element-49eca2e elementor-widget elementor-widget-heading\" data-id=\"49eca2e\" data-element_type=\"widget\" data-e-type=\"widget\" data-widget_type=\"heading.default\">\n\t\t\t\t<div class=\"elementor-widget-container\">\n\t\t\t\t\t<h1 class=\"elementor-heading-title elementor-size-default\">\u00bfC\u00f3mo es el polvo generado por las explotaciones de \u00e1ridos?<\/h1>\t\t\t\t<\/div>\n\t\t\t\t<\/div>\n\t\t\t\t<div class=\"elementor-element elementor-element-d8c4b33 elementor-widget elementor-widget-text-editor\" data-id=\"d8c4b33\" data-element_type=\"widget\" data-e-type=\"widget\" data-widget_type=\"text-editor.default\">\n\t\t\t\t<div class=\"elementor-widget-container\">\n\t\t\t\t\t\t\t\t\tjulio 17, 2018\t\t\t\t\t\t\t\t<\/div>\n\t\t\t\t<\/div>\n\t\t\t\t<div class=\"elementor-element elementor-element-3812415 elementor-widget elementor-widget-image\" data-id=\"3812415\" data-element_type=\"widget\" data-e-type=\"widget\" data-widget_type=\"image.default\">\n\t\t\t\t<div class=\"elementor-widget-container\">\n\t\t\t\t\t\t\t\t\t\t\t\t\t\t\t<img fetchpriority=\"high\" decoding=\"async\" width=\"984\" height=\"698\" src=\"https:\/\/www.capotex.com\/wp-content\/uploads\/2018\/07\/How-is-the-dust-generated-by-aggregate-mining.jpg\" class=\"attachment-full size-full wp-image-24208\" alt=\"How is the dust generated by aggregate mining\" srcset=\"https:\/\/www.capotex.com\/wp-content\/uploads\/2018\/07\/How-is-the-dust-generated-by-aggregate-mining.jpg 984w, https:\/\/www.capotex.com\/wp-content\/uploads\/2018\/07\/How-is-the-dust-generated-by-aggregate-mining-300x213.jpg 300w, https:\/\/www.capotex.com\/wp-content\/uploads\/2018\/07\/How-is-the-dust-generated-by-aggregate-mining-768x545.jpg 768w\" sizes=\"(max-width: 984px) 100vw, 984px\" \/>\t\t\t\t\t\t\t\t\t\t\t\t\t\t\t<\/div>\n\t\t\t\t<\/div>\n\t\t\t\t<div class=\"elementor-element elementor-element-f1959a2 elementor-widget elementor-widget-text-editor\" data-id=\"f1959a2\" data-element_type=\"widget\" data-e-type=\"widget\" data-widget_type=\"text-editor.default\">\n\t\t\t\t<div class=\"elementor-widget-container\">\n\t\t\t\t\t\t\t\t\t<p>En las explotaciones mineras, y especialmente en las de \u00e1ridos, se genera polvo durante las operaciones, desde la extracci\u00f3n hasta el transporte, el tratamiento y la expedici\u00f3n de los materiales.<\/p>\n<p>Controlar este polvo es una obligaci\u00f3n legal por razones de seguridad y medioambientales, y tambi\u00e9n aporta beneficios a las operaciones. El beneficio m\u00e1s importante es la reducci\u00f3n del riesgo de enfermedades respiratorias para los trabajadores, pero tambi\u00e9n disminuye el impacto sobre el medio ambiente, aumenta la vida \u00fatil de las instalaciones y los equipos de trabajo y contribuye a mejorar la imagen de la empresa en la comunidad.<\/p>\n<p>La necesidad de controlar las emisiones de polvo est\u00e1n reguladas por la Directiva 2008\/50\/CE establece un valor l\u00edmite de 40\u03bcg\/m3 como media anual para part\u00edculas de di\u00e1metro inferior o igual a 10\u03bcm y adem\u00e1s el valor l\u00edmite diario de 50\u03bcg\/m3 no podr\u00e1 superarse m\u00e1s de 35 veces al a\u00f1o para part\u00edculas de ese tama\u00f1o. Pero, \u00bfde qu\u00e9 tama\u00f1o es y c\u00f3mo puede afectar?<\/p>\n<p>Una micra (\u03bc) es la mil\u00e9sima parte de un mil\u00edmetro o la millon\u00e9sima parte de un metro.<\/p>\n<p>Las part\u00edculas de 10\u03bcm forman lo que se denomina \u00abpolvo medio\u00bb. Son part\u00edculas que no se ven a simple vista (aunque s\u00ed su acumulaci\u00f3n) y su peligro es que pueden llegar a los alv\u00e9olos pulmonares.<\/p>\n<p>Cuando su tama\u00f1o es inferior a 7\u03bcm, se denominan \u00abpolvo fino\u00bb y son a\u00fan m\u00e1s dif\u00edciles de detectar y m\u00e1s peligrosos, ya que permanecen m\u00e1s tiempo en suspensi\u00f3n.<\/p>\n<p>Con un tama\u00f1o superior a 10\u03bcm se denomina \u00abpolvo grueso\u00bb y las part\u00edculas son detectables a simple vista. Debido a su mayor peso y tama\u00f1o, se asientan m\u00e1s r\u00e1pidamente y presentan menos riesgo para la salud, ya que son retenidos en mayor medida por los cilios y la mucosa.<\/p>\n\t\t\t\t\t\t\t\t<\/div>\n\t\t\t\t<\/div>\n\t\t\t\t\t<\/div>\n\t\t<\/div>\n\t\t\t\t\t<\/div>\n\t\t<\/section>\n\t\t<div class=\"elementor-element elementor-element-81020f5 e-flex e-con-boxed e-con e-parent\" data-id=\"81020f5\" data-element_type=\"container\" data-e-type=\"container\">\n\t\t\t\t\t<div class=\"e-con-inner\">\n\t\t\t\t<div class=\"elementor-element elementor-element-ea1e3ce elementor-post-navigation-borders-yes elementor-widget elementor-widget-post-navigation\" data-id=\"ea1e3ce\" data-element_type=\"widget\" data-e-type=\"widget\" data-widget_type=\"post-navigation.default\">\n\t\t\t\t<div class=\"elementor-widget-container\">\n\t\t\t\t\t\t\t<div class=\"elementor-post-navigation\" role=\"navigation\" aria-label=\"Navegaci\u00f3n de la entrada\">\n\t\t\t<div class=\"elementor-post-navigation__prev elementor-post-navigation__link\">\n\t\t\t\t<a href=\"https:\/\/www.capotex.com\/es\/informe-nepsi-deben-reforzarse-las-medidas-para-evitar-la-generacion-y-dispersion-de-particulas-de-polvo-en-origen\/\" rel=\"prev\"><span class=\"post-navigation__arrow-wrapper post-navigation__arrow-prev\"><i aria-hidden=\"true\" class=\"fas fa-angle-left\"><\/i><span class=\"elementor-screen-only\">Ant<\/span><\/span><span class=\"elementor-post-navigation__link__prev\"><span class=\"post-navigation__prev--label\">Anterior<\/span><span class=\"post-navigation__prev--title\">Informe NEPSI: Deben reforzarse las medidas para evitar la generaci\u00f3n y dispersi\u00f3n de part\u00edculas de polvo en origen<\/span><\/span><\/a>\t\t\t<\/div>\n\t\t\t\t\t\t\t<div class=\"elementor-post-navigation__separator-wrapper\">\n\t\t\t\t\t<div class=\"elementor-post-navigation__separator\"><\/div>\n\t\t\t\t<\/div>\n\t\t\t\t\t\t<div class=\"elementor-post-navigation__next elementor-post-navigation__link\">\n\t\t\t\t<a href=\"https:\/\/www.capotex.com\/es\/te-esperamos-en-nuestro-stand-en-solids-dortmund-7-8-de-noviembre-de-2018\/\" rel=\"next\"><span class=\"elementor-post-navigation__link__next\"><span class=\"post-navigation__next--label\">Siguiente<\/span><span class=\"post-navigation__next--title\">Te esperamos en nuestro stand en SOLIDS DORTMUND (7\/8 de noviembre de 2018)<\/span><\/span><span class=\"post-navigation__arrow-wrapper post-navigation__arrow-next\"><i aria-hidden=\"true\" class=\"fas fa-angle-right\"><\/i><span class=\"elementor-screen-only\">Siguiente<\/span><\/span><\/a>\t\t\t<\/div>\n\t\t<\/div>\n\t\t\t\t\t\t<\/div>\n\t\t\t\t<\/div>\n\t\t\t\t\t<\/div>\n\t\t\t\t<\/div>\n\t\t\t\t<\/div>\n\t\t","protected":false},"excerpt":{"rendered":"<p>Volver a blog y noticias En las explotaciones mineras, y especialmente en las de \u00e1ridos, se genera polvo durante las operaciones, desde la extracci\u00f3n hasta el transporte, el tratamiento y la expedici\u00f3n de los materiales. Controlar este polvo es una obligaci\u00f3n legal por razones de seguridad y medioambientales, y tambi\u00e9n aporta beneficios a las operaciones. [&hellip;]<\/p>\n","protected":false},"author":1,"featured_media":24208,"comment_status":"closed","ping_status":"closed","sticky":false,"template":"","format":"standard","meta":{"_joinchat":[],"footnotes":""},"categories":[80],"tags":[],"class_list":["post-26612","post","type-post","status-publish","format-standard","has-post-thumbnail","hentry","category-noticias-sobre-minas-y-canteras"],"_links":{"self":[{"href":"https:\/\/www.capotex.com\/es\/wp-json\/wp\/v2\/posts\/26612","targetHints":{"allow":["GET"]}}],"collection":[{"href":"https:\/\/www.capotex.com\/es\/wp-json\/wp\/v2\/posts"}],"about":[{"href":"https:\/\/www.capotex.com\/es\/wp-json\/wp\/v2\/types\/post"}],"author":[{"embeddable":true,"href":"https:\/\/www.capotex.com\/es\/wp-json\/wp\/v2\/users\/1"}],"replies":[{"embeddable":true,"href":"https:\/\/www.capotex.com\/es\/wp-json\/wp\/v2\/comments?post=26612"}],"version-history":[{"count":1,"href":"https:\/\/www.capotex.com\/es\/wp-json\/wp\/v2\/posts\/26612\/revisions"}],"predecessor-version":[{"id":26623,"href":"https:\/\/www.capotex.com\/es\/wp-json\/wp\/v2\/posts\/26612\/revisions\/26623"}],"wp:featuredmedia":[{"embeddable":true,"href":"https:\/\/www.capotex.com\/es\/wp-json\/wp\/v2\/media\/24208"}],"wp:attachment":[{"href":"https:\/\/www.capotex.com\/es\/wp-json\/wp\/v2\/media?parent=26612"}],"wp:term":[{"taxonomy":"category","embeddable":true,"href":"https:\/\/www.capotex.com\/es\/wp-json\/wp\/v2\/categories?post=26612"},{"taxonomy":"post_tag","embeddable":true,"href":"https:\/\/www.capotex.com\/es\/wp-json\/wp\/v2\/tags?post=26612"}],"curies":[{"name":"wp","href":"https:\/\/api.w.org\/{rel}","templated":true}]}}