{"id":26637,"date":"2022-09-01T09:42:45","date_gmt":"2022-09-01T08:42:45","guid":{"rendered":"https:\/\/capotex.com\/visitenos-en-las-proximas-ferias-de-otono\/"},"modified":"2023-07-22T08:33:20","modified_gmt":"2023-07-22T07:33:20","slug":"visitenos-en-las-proximas-ferias-de-otono","status":"publish","type":"post","link":"https:\/\/www.capotex.com\/es\/visitenos-en-las-proximas-ferias-de-otono\/","title":{"rendered":"Vis\u00edtenos en las pr\u00f3ximas ferias de oto\u00f1o"},"content":{"rendered":"\t\t<div data-elementor-type=\"wp-post\" data-elementor-id=\"26637\" class=\"elementor elementor-26637 elementor-21540\" data-elementor-post-type=\"post\">\n\t\t\t\t<div class=\"elementor-element elementor-element-fd97a12 e-flex e-con-boxed e-con e-parent\" data-id=\"fd97a12\" data-element_type=\"container\" data-e-type=\"container\" data-settings=\"{&quot;background_background&quot;:&quot;classic&quot;}\">\n\t\t\t\t\t<div class=\"e-con-inner\">\n\t\t\t\t<div class=\"elementor-element elementor-element-7438893 elementor-widget elementor-widget-text-editor\" data-id=\"7438893\" data-element_type=\"widget\" data-e-type=\"widget\" data-widget_type=\"text-editor.default\">\n\t\t\t\t<div class=\"elementor-widget-container\">\n\t\t\t\t\t\t\t\t\t<p><a href=\"https:\/\/www.capotex.com\/es\/blog-y-noticias\/\">Volver a blog y noticias<\/a><\/p>\n\t\t\t\t\t\t\t\t<\/div>\n\t\t\t\t<\/div>\n\t\t\t\t<div class=\"elementor-element elementor-element-d65661d elementor-widget elementor-widget-image\" data-id=\"d65661d\" data-element_type=\"widget\" data-e-type=\"widget\" data-widget_type=\"image.default\">\n\t\t\t\t<div class=\"elementor-widget-container\">\n\t\t\t\t\t\t\t\t\t\t\t\t\t\t\t<img fetchpriority=\"high\" decoding=\"async\" width=\"1600\" height=\"1200\" src=\"https:\/\/www.capotex.com\/wp-content\/uploads\/2022\/09\/Come-and-visit-us-at-trade-fairs.webp\" class=\"attachment-full size-full wp-image-23338\" alt=\"Visit us at several trade fairs in 2022\" srcset=\"https:\/\/www.capotex.com\/wp-content\/uploads\/2022\/09\/Come-and-visit-us-at-trade-fairs.webp 1600w, https:\/\/www.capotex.com\/wp-content\/uploads\/2022\/09\/Come-and-visit-us-at-trade-fairs-300x225.webp 300w, https:\/\/www.capotex.com\/wp-content\/uploads\/2022\/09\/Come-and-visit-us-at-trade-fairs-1024x768.webp 1024w, https:\/\/www.capotex.com\/wp-content\/uploads\/2022\/09\/Come-and-visit-us-at-trade-fairs-768x576.webp 768w, https:\/\/www.capotex.com\/wp-content\/uploads\/2022\/09\/Come-and-visit-us-at-trade-fairs-1536x1152.webp 1536w\" sizes=\"(max-width: 1600px) 100vw, 1600px\" \/>\t\t\t\t\t\t\t\t\t\t\t\t\t\t\t<\/div>\n\t\t\t\t<\/div>\n\t\t<div class=\"elementor-element elementor-element-8748175 e-con-full animated-slow e-flex elementor-invisible e-con e-parent\" data-id=\"8748175\" data-element_type=\"container\" data-e-type=\"container\" data-settings=\"{&quot;background_background&quot;:&quot;classic&quot;,&quot;animation&quot;:&quot;fadeIn&quot;}\">\n\t\t\t\t<div class=\"elementor-element elementor-element-0b03b2c elementor-widget-divider--view-line_icon elementor-view-default elementor-widget-divider--element-align-center elementor-widget elementor-widget-divider\" data-id=\"0b03b2c\" data-element_type=\"widget\" data-e-type=\"widget\" data-widget_type=\"divider.default\">\n\t\t\t\t<div class=\"elementor-widget-container\">\n\t\t\t\t\t\t\t<div class=\"elementor-divider\">\n\t\t\t<span class=\"elementor-divider-separator\">\n\t\t\t\t\t\t\t<div class=\"elementor-icon elementor-divider__element\">\n\t\t\t\t\t<i aria-hidden=\"true\" class=\"far fa-newspaper\"><\/i><\/div>\n\t\t\t\t\t\t<\/span>\n\t\t<\/div>\n\t\t\t\t\t\t<\/div>\n\t\t\t\t<\/div>\n\t\t\t\t<div class=\"elementor-element elementor-element-5132cd6 elementor-widget elementor-widget-text-editor\" data-id=\"5132cd6\" data-element_type=\"widget\" data-e-type=\"widget\" data-widget_type=\"text-editor.default\">\n\t\t\t\t<div class=\"elementor-widget-container\">\n\t\t\t\t\t\t\t\t\t<p>En oto\u00f1o de 2022 estaremos presentes en las siguientes ferias:<\/p>\n<p><strong>EXPOSIBRAM<\/strong>: del 12 al 15 de septiembre. Stand B13.<br \/><strong>PER\u00daMINA<\/strong>: del 26 al 30 de septiembre de 2022. Stand 1252 y 1253.<br \/><strong>SIM<\/strong>: del 19 al 21 de octubre. Stand E38.<br \/><strong>BAUMA<\/strong>: del 24 al 30 de octubre. Pabell\u00f3n B2 Stand 539.<\/p>\n<p>Le invitamos a conocernos personalmente en una de estas exposiciones.<\/p>\n\t\t\t\t\t\t\t\t<\/div>\n\t\t\t\t<\/div>\n\t\t\t\t<\/div>\n\t\t\t\t\t<\/div>\n\t\t\t\t<\/div>\n\t\t<div class=\"elementor-element elementor-element-b8388c7 e-flex e-con-boxed e-con e-parent\" data-id=\"b8388c7\" data-element_type=\"container\" data-e-type=\"container\">\n\t\t\t\t\t<div class=\"e-con-inner\">\n\t\t\t\t<div class=\"elementor-element elementor-element-40f81e7 elementor-post-navigation-borders-yes elementor-widget elementor-widget-post-navigation\" data-id=\"40f81e7\" data-element_type=\"widget\" data-e-type=\"widget\" data-widget_type=\"post-navigation.default\">\n\t\t\t\t<div class=\"elementor-widget-container\">\n\t\t\t\t\t\t\t<div class=\"elementor-post-navigation\" role=\"navigation\" aria-label=\"Navegaci\u00f3n de la entrada\">\n\t\t\t<div class=\"elementor-post-navigation__prev elementor-post-navigation__link\">\n\t\t\t\t<a href=\"https:\/\/www.capotex.com\/es\/capotex-estara-presente-en-batimatec-2022-en-alger-del-15-al-19-de-mayo-en-el-hall-a-stand-as37\/\" rel=\"prev\"><span class=\"post-navigation__arrow-wrapper post-navigation__arrow-prev\"><i aria-hidden=\"true\" class=\"fas fa-angle-left\"><\/i><span class=\"elementor-screen-only\">Ant<\/span><\/span><span class=\"elementor-post-navigation__link__prev\"><span class=\"post-navigation__prev--label\">Anterior<\/span><span class=\"post-navigation__prev--title\">Capotex estar\u00e1 presente en BATIMATEC 2022 en Alger del 15 al 19 de mayo en el Hall A, Stand AS37<\/span><\/span><\/a>\t\t\t<\/div>\n\t\t\t\t\t\t\t<div class=\"elementor-post-navigation__separator-wrapper\">\n\t\t\t\t\t<div class=\"elementor-post-navigation__separator\"><\/div>\n\t\t\t\t<\/div>\n\t\t\t\t\t\t<div class=\"elementor-post-navigation__next elementor-post-navigation__link\">\n\t\t\t\t<a href=\"https:\/\/www.capotex.com\/es\/capotex-expondra-en-exposibram-con-pimasa-brasil\/\" rel=\"next\"><span class=\"elementor-post-navigation__link__next\"><span class=\"post-navigation__next--label\">Siguiente<\/span><span class=\"post-navigation__next--title\">Capotex expondr\u00e1 en Exposibram con Pimasa Brasil<\/span><\/span><span class=\"post-navigation__arrow-wrapper post-navigation__arrow-next\"><i aria-hidden=\"true\" class=\"fas fa-angle-right\"><\/i><span class=\"elementor-screen-only\">Siguiente<\/span><\/span><\/a>\t\t\t<\/div>\n\t\t<\/div>\n\t\t\t\t\t\t<\/div>\n\t\t\t\t<\/div>\n\t\t\t\t\t<\/div>\n\t\t\t\t<\/div>\n\t\t\t\t<\/div>\n\t\t","protected":false},"excerpt":{"rendered":"<p>Volver a blog y noticias En oto\u00f1o de 2022 estaremos presentes en las siguientes ferias: EXPOSIBRAM: del 12 al 15 de septiembre. Stand B13.PER\u00daMINA: del 26 al 30 de septiembre de 2022. Stand 1252 y 1253.SIM: del 19 al 21 de octubre. Stand E38.BAUMA: del 24 al 30 de octubre. Pabell\u00f3n B2 Stand 539. Le [&hellip;]<\/p>\n","protected":false},"author":1,"featured_media":23338,"comment_status":"closed","ping_status":"closed","sticky":false,"template":"","format":"standard","meta":{"_joinchat":[],"footnotes":""},"categories":[82],"tags":[],"class_list":["post-26637","post","type-post","status-publish","format-standard","has-post-thumbnail","hentry","category-ferias-y-exposiciones"],"_links":{"self":[{"href":"https:\/\/www.capotex.com\/es\/wp-json\/wp\/v2\/posts\/26637","targetHints":{"allow":["GET"]}}],"collection":[{"href":"https:\/\/www.capotex.com\/es\/wp-json\/wp\/v2\/posts"}],"about":[{"href":"https:\/\/www.capotex.com\/es\/wp-json\/wp\/v2\/types\/post"}],"author":[{"embeddable":true,"href":"https:\/\/www.capotex.com\/es\/wp-json\/wp\/v2\/users\/1"}],"replies":[{"embeddable":true,"href":"https:\/\/www.capotex.com\/es\/wp-json\/wp\/v2\/comments?post=26637"}],"version-history":[{"count":1,"href":"https:\/\/www.capotex.com\/es\/wp-json\/wp\/v2\/posts\/26637\/revisions"}],"predecessor-version":[{"id":26643,"href":"https:\/\/www.capotex.com\/es\/wp-json\/wp\/v2\/posts\/26637\/revisions\/26643"}],"wp:featuredmedia":[{"embeddable":true,"href":"https:\/\/www.capotex.com\/es\/wp-json\/wp\/v2\/media\/23338"}],"wp:attachment":[{"href":"https:\/\/www.capotex.com\/es\/wp-json\/wp\/v2\/media?parent=26637"}],"wp:term":[{"taxonomy":"category","embeddable":true,"href":"https:\/\/www.capotex.com\/es\/wp-json\/wp\/v2\/categories?post=26637"},{"taxonomy":"post_tag","embeddable":true,"href":"https:\/\/www.capotex.com\/es\/wp-json\/wp\/v2\/tags?post=26637"}],"curies":[{"name":"wp","href":"https:\/\/api.w.org\/{rel}","templated":true}]}}