{"id":26652,"date":"2020-02-18T14:09:36","date_gmt":"2020-02-18T13:09:36","guid":{"rendered":"https:\/\/capotex.com\/capotex-ha-sido-beneficiario-del-fondo-europeo-de-desarrollo-regional\/"},"modified":"2023-07-22T08:33:20","modified_gmt":"2023-07-22T07:33:20","slug":"capotex-ha-sido-beneficiario-del-fondo-europeo-de-desarrollo-regional","status":"publish","type":"post","link":"https:\/\/www.capotex.com\/es\/capotex-ha-sido-beneficiario-del-fondo-europeo-de-desarrollo-regional\/","title":{"rendered":"Capotex ha sido beneficiario del Fondo Europeo de Desarrollo Regional"},"content":{"rendered":"\t\t<div data-elementor-type=\"wp-post\" data-elementor-id=\"26652\" class=\"elementor elementor-26652 elementor-6261\" data-elementor-post-type=\"post\">\n\t\t\t\t\t\t<section class=\"elementor-section elementor-top-section elementor-element elementor-element-02e1a9e elementor-section-boxed elementor-section-height-default elementor-section-height-default\" data-id=\"02e1a9e\" data-element_type=\"section\" data-e-type=\"section\">\n\t\t\t\t\t\t<div class=\"elementor-container elementor-column-gap-default\">\n\t\t\t\t\t<div class=\"elementor-column elementor-col-100 elementor-top-column elementor-element elementor-element-57b06ce\" data-id=\"57b06ce\" data-element_type=\"column\" data-e-type=\"column\">\n\t\t\t<div class=\"elementor-widget-wrap elementor-element-populated\">\n\t\t\t\t\t\t<div class=\"elementor-element elementor-element-8097dda elementor-widget elementor-widget-text-editor\" data-id=\"8097dda\" data-element_type=\"widget\" data-e-type=\"widget\" data-widget_type=\"text-editor.default\">\n\t\t\t\t<div class=\"elementor-widget-container\">\n\t\t\t\t\t\t\t\t\t<p><a href=\"https:\/\/www.capotex.com\/es\/blog-y-noticias\/\">Volver a blog y noticias<\/a><\/p>\n\t\t\t\t\t\t\t\t<\/div>\n\t\t\t\t<\/div>\n\t\t\t\t<div class=\"elementor-element elementor-element-ccd40a7 elementor-widget elementor-widget-heading\" data-id=\"ccd40a7\" data-element_type=\"widget\" data-e-type=\"widget\" data-widget_type=\"heading.default\">\n\t\t\t\t<div class=\"elementor-widget-container\">\n\t\t\t\t\t<h1 class=\"elementor-heading-title elementor-size-default\">Capotex ha sido beneficiario del Fondo Europeo de Desarrollo Regional<\/h1>\t\t\t\t<\/div>\n\t\t\t\t<\/div>\n\t\t\t\t<div class=\"elementor-element elementor-element-490efca animated-slow elementor-widget__width-inherit elementor-invisible elementor-widget elementor-widget-image\" data-id=\"490efca\" data-element_type=\"widget\" data-e-type=\"widget\" data-settings=\"{&quot;_animation&quot;:&quot;zoomIn&quot;}\" data-widget_type=\"image.default\">\n\t\t\t\t<div class=\"elementor-widget-container\">\n\t\t\t\t\t\t\t\t\t\t\t\t\t\t\t<img fetchpriority=\"high\" decoding=\"async\" width=\"455\" height=\"111\" src=\"https:\/\/www.capotex.com\/wp-content\/uploads\/2020\/02\/European-Regional-Development-Fund.png\" class=\"attachment-full size-full wp-image-24144\" alt=\"European Regional Development Fund\" srcset=\"https:\/\/www.capotex.com\/wp-content\/uploads\/2020\/02\/European-Regional-Development-Fund.png 455w, https:\/\/www.capotex.com\/wp-content\/uploads\/2020\/02\/European-Regional-Development-Fund-300x73.png 300w\" sizes=\"(max-width: 455px) 100vw, 455px\" \/>\t\t\t\t\t\t\t\t\t\t\t\t\t\t\t<\/div>\n\t\t\t\t<\/div>\n\t\t\t\t<div class=\"elementor-element elementor-element-dbb164b elementor-widget elementor-widget-text-editor\" data-id=\"dbb164b\" data-element_type=\"widget\" data-e-type=\"widget\" data-widget_type=\"text-editor.default\">\n\t\t\t\t<div class=\"elementor-widget-container\">\n\t\t\t\t\t\t\t\t\tfebrero 18, 2020\t\t\t\t\t\t\t\t<\/div>\n\t\t\t\t<\/div>\n\t\t\t\t<div class=\"elementor-element elementor-element-7db5cbd elementor-widget elementor-widget-text-editor\" data-id=\"7db5cbd\" data-element_type=\"widget\" data-e-type=\"widget\" data-widget_type=\"text-editor.default\">\n\t\t\t\t<div class=\"elementor-widget-container\">\n\t\t\t\t\t\t\t\t\t<p>Capotex 2000,SL ha sido beneficiaria del Fondo Europeo de Desarrollo Regional.<\/p>\n<p>Los objetivos son mejorar el uso y la calidad de las tecnolog\u00edas y las comunicaciones, as\u00ed como el acceso a las mismas.<\/p>\n<p>Gracias a ello, hemos podido instalar la siguiente soluci\u00f3n: apoyar el software de dise\u00f1o e impresi\u00f3n 3D para prototipos. Este logro ha tenido lugar durante 2019-2020. Para ello, nuestra empresa cont\u00f3 con el apoyo de TICChambers de la C\u00e1mara de Comercio de Madrid.<\/p>\n\t\t\t\t\t\t\t\t<\/div>\n\t\t\t\t<\/div>\n\t\t\t\t\t<\/div>\n\t\t<\/div>\n\t\t\t\t\t<\/div>\n\t\t<\/section>\n\t\t<div class=\"elementor-element elementor-element-9a72c3e e-flex e-con-boxed e-con e-parent\" data-id=\"9a72c3e\" data-element_type=\"container\" data-e-type=\"container\">\n\t\t\t\t\t<div class=\"e-con-inner\">\n\t\t\t\t<div class=\"elementor-element elementor-element-2ffe0ed elementor-post-navigation-borders-yes elementor-widget elementor-widget-post-navigation\" data-id=\"2ffe0ed\" data-element_type=\"widget\" data-e-type=\"widget\" data-widget_type=\"post-navigation.default\">\n\t\t\t\t<div class=\"elementor-widget-container\">\n\t\t\t\t\t\t\t<div class=\"elementor-post-navigation\" role=\"navigation\" aria-label=\"Navegaci\u00f3n de la entrada\">\n\t\t\t<div class=\"elementor-post-navigation__prev elementor-post-navigation__link\">\n\t\t\t\t<a href=\"https:\/\/www.capotex.com\/es\/perumin-2019-capoguards-nueva-tecnologia\/\" rel=\"prev\"><span class=\"post-navigation__arrow-wrapper post-navigation__arrow-prev\"><i aria-hidden=\"true\" class=\"fas fa-angle-left\"><\/i><span class=\"elementor-screen-only\">Ant<\/span><\/span><span class=\"elementor-post-navigation__link__prev\"><span class=\"post-navigation__prev--label\">Anterior<\/span><span class=\"post-navigation__prev--title\">PERUMIN 2019 &#8211; Capoguards nueva tecnolog\u00eda<\/span><\/span><\/a>\t\t\t<\/div>\n\t\t\t\t\t\t\t<div class=\"elementor-post-navigation__separator-wrapper\">\n\t\t\t\t\t<div class=\"elementor-post-navigation__separator\"><\/div>\n\t\t\t\t<\/div>\n\t\t\t\t\t\t<div class=\"elementor-post-navigation__next elementor-post-navigation__link\">\n\t\t\t\t<a href=\"https:\/\/www.capotex.com\/es\/covid-19-capotex-con-la-emergencia-sanitaria-del-coronavirus\/\" rel=\"next\"><span class=\"elementor-post-navigation__link__next\"><span class=\"post-navigation__next--label\">Siguiente<\/span><span class=\"post-navigation__next--title\">COVID-19. CAPOTEX con la emergencia sanitaria del Coronavirus<\/span><\/span><span class=\"post-navigation__arrow-wrapper post-navigation__arrow-next\"><i aria-hidden=\"true\" class=\"fas fa-angle-right\"><\/i><span class=\"elementor-screen-only\">Siguiente<\/span><\/span><\/a>\t\t\t<\/div>\n\t\t<\/div>\n\t\t\t\t\t\t<\/div>\n\t\t\t\t<\/div>\n\t\t\t\t\t<\/div>\n\t\t\t\t<\/div>\n\t\t\t\t<\/div>\n\t\t","protected":false},"excerpt":{"rendered":"<p>Volver a blog y noticias Capotex 2000,SL ha sido beneficiaria del Fondo Europeo de Desarrollo Regional. Los objetivos son mejorar el uso y la calidad de las tecnolog\u00edas y las comunicaciones, as\u00ed como el acceso a las mismas. Gracias a ello, hemos podido instalar la siguiente soluci\u00f3n: apoyar el software de dise\u00f1o e impresi\u00f3n 3D [&hellip;]<\/p>\n","protected":false},"author":1,"featured_media":24144,"comment_status":"closed","ping_status":"open","sticky":false,"template":"","format":"standard","meta":{"_joinchat":[],"footnotes":""},"categories":[80],"tags":[],"class_list":["post-26652","post","type-post","status-publish","format-standard","has-post-thumbnail","hentry","category-noticias-sobre-minas-y-canteras"],"_links":{"self":[{"href":"https:\/\/www.capotex.com\/es\/wp-json\/wp\/v2\/posts\/26652","targetHints":{"allow":["GET"]}}],"collection":[{"href":"https:\/\/www.capotex.com\/es\/wp-json\/wp\/v2\/posts"}],"about":[{"href":"https:\/\/www.capotex.com\/es\/wp-json\/wp\/v2\/types\/post"}],"author":[{"embeddable":true,"href":"https:\/\/www.capotex.com\/es\/wp-json\/wp\/v2\/users\/1"}],"replies":[{"embeddable":true,"href":"https:\/\/www.capotex.com\/es\/wp-json\/wp\/v2\/comments?post=26652"}],"version-history":[{"count":1,"href":"https:\/\/www.capotex.com\/es\/wp-json\/wp\/v2\/posts\/26652\/revisions"}],"predecessor-version":[{"id":26660,"href":"https:\/\/www.capotex.com\/es\/wp-json\/wp\/v2\/posts\/26652\/revisions\/26660"}],"wp:featuredmedia":[{"embeddable":true,"href":"https:\/\/www.capotex.com\/es\/wp-json\/wp\/v2\/media\/24144"}],"wp:attachment":[{"href":"https:\/\/www.capotex.com\/es\/wp-json\/wp\/v2\/media?parent=26652"}],"wp:term":[{"taxonomy":"category","embeddable":true,"href":"https:\/\/www.capotex.com\/es\/wp-json\/wp\/v2\/categories?post=26652"},{"taxonomy":"post_tag","embeddable":true,"href":"https:\/\/www.capotex.com\/es\/wp-json\/wp\/v2\/tags?post=26652"}],"curies":[{"name":"wp","href":"https:\/\/api.w.org\/{rel}","templated":true}]}}