{"id":26667,"date":"2018-10-11T10:22:31","date_gmt":"2018-10-11T09:22:31","guid":{"rendered":"https:\/\/capotex.com\/te-esperamos-en-nuestro-stand-en-solids-dortmund-7-8-de-noviembre-de-2018\/"},"modified":"2023-07-22T08:33:20","modified_gmt":"2023-07-22T07:33:20","slug":"te-esperamos-en-nuestro-stand-en-solids-dortmund-7-8-de-noviembre-de-2018","status":"publish","type":"post","link":"https:\/\/www.capotex.com\/es\/te-esperamos-en-nuestro-stand-en-solids-dortmund-7-8-de-noviembre-de-2018\/","title":{"rendered":"Te esperamos en nuestro stand en SOLIDS DORTMUND (7\/8 de noviembre de 2018)"},"content":{"rendered":"\t\t<div data-elementor-type=\"wp-post\" data-elementor-id=\"26667\" class=\"elementor elementor-26667 elementor-3090\" data-elementor-post-type=\"post\">\n\t\t\t\t\t\t<section class=\"elementor-section elementor-top-section elementor-element elementor-element-0f9722f elementor-section-boxed elementor-section-height-default elementor-section-height-default\" data-id=\"0f9722f\" data-element_type=\"section\" data-e-type=\"section\">\n\t\t\t\t\t\t<div class=\"elementor-container elementor-column-gap-default\">\n\t\t\t\t\t<div class=\"elementor-column elementor-col-100 elementor-top-column elementor-element elementor-element-eca7890\" data-id=\"eca7890\" data-element_type=\"column\" data-e-type=\"column\">\n\t\t\t<div class=\"elementor-widget-wrap elementor-element-populated\">\n\t\t\t\t\t\t<div class=\"elementor-element elementor-element-037c1bc elementor-widget elementor-widget-text-editor\" data-id=\"037c1bc\" data-element_type=\"widget\" data-e-type=\"widget\" data-widget_type=\"text-editor.default\">\n\t\t\t\t<div class=\"elementor-widget-container\">\n\t\t\t\t\t\t\t\t\t<p><a href=\"https:\/\/www.capotex.com\/es\/blog-y-noticias\/\">Volver a blog y noticias<\/a><\/p>\n\t\t\t\t\t\t\t\t<\/div>\n\t\t\t\t<\/div>\n\t\t\t\t<div class=\"elementor-element elementor-element-337df1b elementor-widget elementor-widget-heading\" data-id=\"337df1b\" data-element_type=\"widget\" data-e-type=\"widget\" data-widget_type=\"heading.default\">\n\t\t\t\t<div class=\"elementor-widget-container\">\n\t\t\t\t\t<h1 class=\"elementor-heading-title elementor-size-default\">Te esperamos en nuestro stand en SOLIDS DORTMUND (7\/8 de noviembre de 2018)<\/h1>\t\t\t\t<\/div>\n\t\t\t\t<\/div>\n\t\t\t\t<div class=\"elementor-element elementor-element-28dc843 animated-slow elementor-invisible elementor-widget elementor-widget-image\" data-id=\"28dc843\" data-element_type=\"widget\" data-e-type=\"widget\" data-settings=\"{&quot;_animation&quot;:&quot;zoomIn&quot;}\" data-widget_type=\"image.default\">\n\t\t\t\t<div class=\"elementor-widget-container\">\n\t\t\t\t\t\t\t\t\t\t\t\t\t\t\t<img fetchpriority=\"high\" decoding=\"async\" width=\"288\" height=\"240\" src=\"https:\/\/www.capotex.com\/wp-content\/uploads\/2018\/10\/Dortmund-2018.webp\" class=\"attachment-full size-full wp-image-24191\" alt=\"\" \/>\t\t\t\t\t\t\t\t\t\t\t\t\t\t\t<\/div>\n\t\t\t\t<\/div>\n\t\t\t\t<div class=\"elementor-element elementor-element-501fde9 elementor-widget elementor-widget-text-editor\" data-id=\"501fde9\" data-element_type=\"widget\" data-e-type=\"widget\" data-widget_type=\"text-editor.default\">\n\t\t\t\t<div class=\"elementor-widget-container\">\n\t\t\t\t\t\t\t\t\toctubre 11, 2018\t\t\t\t\t\t\t\t<\/div>\n\t\t\t\t<\/div>\n\t\t\t\t<div class=\"elementor-element elementor-element-d6ce395 elementor-widget elementor-widget-text-editor\" data-id=\"d6ce395\" data-element_type=\"widget\" data-e-type=\"widget\" data-widget_type=\"text-editor.default\">\n\t\t\t\t<div class=\"elementor-widget-container\">\n\t\t\t\t\t\t\t\t\t<div><span style=\"font-family: Calibri, sans-serif; font-size: small;\"><span style=\"font-size: medium;\"><br \/>\n  <span lang=\"en-IE\"><a href=\"https:\/\/www.solids-dortmund.de\/\" target=\"_blank\" rel=\"noopener\">SOLIDS DORTMUND<\/a>,<\/span><br \/>\n<\/span><span style=\"font-size: medium;\"><br \/>\n  <span lang=\"en-IE\"> <\/span><br \/>\n<\/span><span style=\"color: #333333; font-size: medium;\"><br \/>\n  <span lang=\"en-IE\">la feria especializada en tecnolog\u00edas de gr\u00e1nulos, polvos y s\u00f3lidos a granel se celebra en Messe Dortmund en los pabellones 4, 5, 6 y 7.<\/span><br \/>\n<\/span><\/span><\/div>\n<div><span style=\"font-family: Calibri, sans-serif; font-size: small;\"><span style=\"font-size: medium;\"><span lang=\"en-IE\">El espectro de expositores abarca toda la cadena de valor de las tecnolog\u00edas de proceso de gr\u00e1nulos, polvo y materiales a granel, y sirve de plataforma ideal para intercambiar con los proveedores nuevos productos y soluciones. SOLIDS Dortmund combina una exposici\u00f3n de primera clase con un programa de espect\u00e1culos de gran calibre e innumerables oportunidades para establecer contactos.<\/span><\/span><\/span><\/div>\n\t\t\t\t\t\t\t\t<\/div>\n\t\t\t\t<\/div>\n\t\t\t\t\t<\/div>\n\t\t<\/div>\n\t\t\t\t\t<\/div>\n\t\t<\/section>\n\t\t<div class=\"elementor-element elementor-element-21ddb52 e-flex e-con-boxed e-con e-parent\" data-id=\"21ddb52\" data-element_type=\"container\" data-e-type=\"container\">\n\t\t\t\t\t<div class=\"e-con-inner\">\n\t\t\t\t<div class=\"elementor-element elementor-element-d3aea12 elementor-post-navigation-borders-yes elementor-widget elementor-widget-post-navigation\" data-id=\"d3aea12\" data-element_type=\"widget\" data-e-type=\"widget\" data-widget_type=\"post-navigation.default\">\n\t\t\t\t<div class=\"elementor-widget-container\">\n\t\t\t\t\t\t\t<div class=\"elementor-post-navigation\" role=\"navigation\" aria-label=\"Navegaci\u00f3n de la entrada\">\n\t\t\t<div class=\"elementor-post-navigation__prev elementor-post-navigation__link\">\n\t\t\t\t<a href=\"https:\/\/www.capotex.com\/es\/como-es-el-polvo-generado-por-las-explotaciones-de-aridos\/\" rel=\"prev\"><span class=\"post-navigation__arrow-wrapper post-navigation__arrow-prev\"><i aria-hidden=\"true\" class=\"fas fa-angle-left\"><\/i><span class=\"elementor-screen-only\">Ant<\/span><\/span><span class=\"elementor-post-navigation__link__prev\"><span class=\"post-navigation__prev--label\">Anterior<\/span><span class=\"post-navigation__prev--title\">\u00bfC\u00f3mo es el polvo generado por las explotaciones de \u00e1ridos?<\/span><\/span><\/a>\t\t\t<\/div>\n\t\t\t\t\t\t\t<div class=\"elementor-post-navigation__separator-wrapper\">\n\t\t\t\t\t<div class=\"elementor-post-navigation__separator\"><\/div>\n\t\t\t\t<\/div>\n\t\t\t\t\t\t<div class=\"elementor-post-navigation__next elementor-post-navigation__link\">\n\t\t\t\t<a href=\"https:\/\/www.capotex.com\/es\/hasta-donde-puede-transportar-el-viento-el-polvo-generado-en-una-explotacion-de-aridos\/\" rel=\"next\"><span class=\"elementor-post-navigation__link__next\"><span class=\"post-navigation__next--label\">Siguiente<\/span><span class=\"post-navigation__next--title\">\u00bfHasta d\u00f3nde puede transportar el viento el polvo generado en una explotaci\u00f3n de \u00e1ridos?<\/span><\/span><span class=\"post-navigation__arrow-wrapper post-navigation__arrow-next\"><i aria-hidden=\"true\" class=\"fas fa-angle-right\"><\/i><span class=\"elementor-screen-only\">Siguiente<\/span><\/span><\/a>\t\t\t<\/div>\n\t\t<\/div>\n\t\t\t\t\t\t<\/div>\n\t\t\t\t<\/div>\n\t\t\t\t\t<\/div>\n\t\t\t\t<\/div>\n\t\t\t\t<\/div>\n\t\t","protected":false},"excerpt":{"rendered":"<p>Volver a blog y noticias SOLIDS DORTMUND, la feria especializada en tecnolog\u00edas de gr\u00e1nulos, polvos y s\u00f3lidos a granel se celebra en Messe Dortmund en los pabellones 4, 5, 6 y 7. El espectro de expositores abarca toda la cadena de valor de las tecnolog\u00edas de proceso de gr\u00e1nulos, polvo y materiales a granel, y [&hellip;]<\/p>\n","protected":false},"author":1,"featured_media":24191,"comment_status":"closed","ping_status":"closed","sticky":false,"template":"","format":"standard","meta":{"_joinchat":[],"footnotes":""},"categories":[82],"tags":[],"class_list":["post-26667","post","type-post","status-publish","format-standard","has-post-thumbnail","hentry","category-ferias-y-exposiciones"],"_links":{"self":[{"href":"https:\/\/www.capotex.com\/es\/wp-json\/wp\/v2\/posts\/26667","targetHints":{"allow":["GET"]}}],"collection":[{"href":"https:\/\/www.capotex.com\/es\/wp-json\/wp\/v2\/posts"}],"about":[{"href":"https:\/\/www.capotex.com\/es\/wp-json\/wp\/v2\/types\/post"}],"author":[{"embeddable":true,"href":"https:\/\/www.capotex.com\/es\/wp-json\/wp\/v2\/users\/1"}],"replies":[{"embeddable":true,"href":"https:\/\/www.capotex.com\/es\/wp-json\/wp\/v2\/comments?post=26667"}],"version-history":[{"count":1,"href":"https:\/\/www.capotex.com\/es\/wp-json\/wp\/v2\/posts\/26667\/revisions"}],"predecessor-version":[{"id":26673,"href":"https:\/\/www.capotex.com\/es\/wp-json\/wp\/v2\/posts\/26667\/revisions\/26673"}],"wp:featuredmedia":[{"embeddable":true,"href":"https:\/\/www.capotex.com\/es\/wp-json\/wp\/v2\/media\/24191"}],"wp:attachment":[{"href":"https:\/\/www.capotex.com\/es\/wp-json\/wp\/v2\/media?parent=26667"}],"wp:term":[{"taxonomy":"category","embeddable":true,"href":"https:\/\/www.capotex.com\/es\/wp-json\/wp\/v2\/categories?post=26667"},{"taxonomy":"post_tag","embeddable":true,"href":"https:\/\/www.capotex.com\/es\/wp-json\/wp\/v2\/tags?post=26667"}],"curies":[{"name":"wp","href":"https:\/\/api.w.org\/{rel}","templated":true}]}}