{"id":26680,"date":"2022-09-08T11:17:00","date_gmt":"2022-09-08T10:17:00","guid":{"rendered":"https:\/\/capotex.com\/capotex-expondra-en-exposibram-con-pimasa-brasil\/"},"modified":"2023-07-22T08:33:38","modified_gmt":"2023-07-22T07:33:38","slug":"capotex-expondra-en-exposibram-con-pimasa-brasil","status":"publish","type":"post","link":"https:\/\/www.capotex.com\/es\/capotex-expondra-en-exposibram-con-pimasa-brasil\/","title":{"rendered":"Capotex expondr\u00e1 en Exposibram con Pimasa Brasil"},"content":{"rendered":"\t\t<div data-elementor-type=\"wp-post\" data-elementor-id=\"26680\" class=\"elementor elementor-26680 elementor-21771\" data-elementor-post-type=\"post\">\n\t\t\t\t\t\t<section class=\"elementor-section elementor-top-section elementor-element elementor-element-18d4caa elementor-section-boxed elementor-section-height-default elementor-section-height-default\" data-id=\"18d4caa\" data-element_type=\"section\" data-e-type=\"section\">\n\t\t\t\t\t\t<div class=\"elementor-container elementor-column-gap-default\">\n\t\t\t\t\t<div class=\"elementor-column elementor-col-100 elementor-top-column elementor-element elementor-element-7c98ee7\" data-id=\"7c98ee7\" data-element_type=\"column\" data-e-type=\"column\">\n\t\t\t<div class=\"elementor-widget-wrap elementor-element-populated\">\n\t\t\t\t\t\t<div class=\"elementor-element elementor-element-7b1b1de elementor-widget elementor-widget-text-editor\" data-id=\"7b1b1de\" data-element_type=\"widget\" data-e-type=\"widget\" data-widget_type=\"text-editor.default\">\n\t\t\t\t<div class=\"elementor-widget-container\">\n\t\t\t\t\t\t\t\t\t<p><a href=\"https:\/\/www.capotex.com\/es\/blog-y-noticias\/\">Volver a blog y noticias<\/a><\/p>\n\t\t\t\t\t\t\t\t<\/div>\n\t\t\t\t<\/div>\n\t\t\t\t<div class=\"elementor-element elementor-element-931695a elementor-widget elementor-widget-heading\" data-id=\"931695a\" data-element_type=\"widget\" data-e-type=\"widget\" data-widget_type=\"heading.default\">\n\t\t\t\t<div class=\"elementor-widget-container\">\n\t\t\t\t\t<h1 class=\"elementor-heading-title elementor-size-default\">Capotex expondr\u00e1 en Exposibram con Pimasa Brasil<\/h1>\t\t\t\t<\/div>\n\t\t\t\t<\/div>\n\t\t\t\t<div class=\"elementor-element elementor-element-3e15c8b animated-slow elementor-invisible elementor-widget elementor-widget-image\" data-id=\"3e15c8b\" data-element_type=\"widget\" data-e-type=\"widget\" data-settings=\"{&quot;_animation&quot;:&quot;zoomIn&quot;}\" data-widget_type=\"image.default\">\n\t\t\t\t<div class=\"elementor-widget-container\">\n\t\t\t\t\t\t\t\t\t\t\t\t\t\t\t<img fetchpriority=\"high\" decoding=\"async\" width=\"683\" height=\"274\" src=\"https:\/\/www.capotex.com\/wp-content\/uploads\/2022\/09\/Exposibram-2022.webp\" class=\"attachment-full size-full wp-image-23331\" alt=\"Capotex will be present at Exposibram 2022\" srcset=\"https:\/\/www.capotex.com\/wp-content\/uploads\/2022\/09\/Exposibram-2022.webp 683w, https:\/\/www.capotex.com\/wp-content\/uploads\/2022\/09\/Exposibram-2022-300x120.webp 300w\" sizes=\"(max-width: 683px) 100vw, 683px\" \/>\t\t\t\t\t\t\t\t\t\t\t\t\t\t\t<\/div>\n\t\t\t\t<\/div>\n\t\t\t\t<div class=\"elementor-element elementor-element-42f4a13 elementor-widget elementor-widget-text-editor\" data-id=\"42f4a13\" data-element_type=\"widget\" data-e-type=\"widget\" data-widget_type=\"text-editor.default\">\n\t\t\t\t<div class=\"elementor-widget-container\">\n\t\t\t\t\t\t\t\t\tseptiembre 8, 2022\t\t\t\t\t\t\t\t<\/div>\n\t\t\t\t<\/div>\n\t\t\t\t<div class=\"elementor-element elementor-element-2c4100d elementor-widget elementor-widget-text-editor\" data-id=\"2c4100d\" data-element_type=\"widget\" data-e-type=\"widget\" data-widget_type=\"text-editor.default\">\n\t\t\t\t<div class=\"elementor-widget-container\">\n\t\t\t\t\t\t\t\t\t<p>Capotex expondr\u00e1 junto con Pimasa Brasil en <a href=\"https:\/\/exposibram2022.ibram.org.br\/\" target=\"_blank\" rel=\"noopener\">Exposibram<\/a>, stand B13, del 12 al 15 de septiembre.<\/p>\n<p>Considerado uno de los eventos mineros m\u00e1s importantes de Am\u00e9rica Latina, la Expo &amp; Congreso Brasile\u00f1o de Miner\u00eda (EXPOSIBRAM) es realizada anualmente por el IBRAM, con el patrocinio de grandes empresas y la participaci\u00f3n de las principales entidades relacionadas al sector minero.<\/p>\n<p>La feria internacional es el mayor escaparate para que las empresas generen negocio.<\/p>\n<p>El congreso analiza escenarios y revela tendencias en el segmento.<\/p>\n\t\t\t\t\t\t\t\t<\/div>\n\t\t\t\t<\/div>\n\t\t\t\t\t<\/div>\n\t\t<\/div>\n\t\t\t\t\t<\/div>\n\t\t<\/section>\n\t\t<div class=\"elementor-element elementor-element-7a717c1 e-flex e-con-boxed e-con e-parent\" data-id=\"7a717c1\" data-element_type=\"container\" data-e-type=\"container\">\n\t\t\t\t\t<div class=\"e-con-inner\">\n\t\t\t\t<div class=\"elementor-element elementor-element-f594cd1 elementor-post-navigation-borders-yes elementor-widget elementor-widget-post-navigation\" data-id=\"f594cd1\" data-element_type=\"widget\" data-e-type=\"widget\" data-widget_type=\"post-navigation.default\">\n\t\t\t\t<div class=\"elementor-widget-container\">\n\t\t\t\t\t\t\t<div class=\"elementor-post-navigation\" role=\"navigation\" aria-label=\"Navegaci\u00f3n de la entrada\">\n\t\t\t<div class=\"elementor-post-navigation__prev elementor-post-navigation__link\">\n\t\t\t\t<a href=\"https:\/\/www.capotex.com\/es\/visitenos-en-las-proximas-ferias-de-otono\/\" rel=\"prev\"><span class=\"post-navigation__arrow-wrapper post-navigation__arrow-prev\"><i aria-hidden=\"true\" class=\"fas fa-angle-left\"><\/i><span class=\"elementor-screen-only\">Ant<\/span><\/span><span class=\"elementor-post-navigation__link__prev\"><span class=\"post-navigation__prev--label\">Anterior<\/span><span class=\"post-navigation__prev--title\">Vis\u00edtenos en las pr\u00f3ximas ferias de oto\u00f1o<\/span><\/span><\/a>\t\t\t<\/div>\n\t\t\t\t\t\t\t<div class=\"elementor-post-navigation__separator-wrapper\">\n\t\t\t\t\t<div class=\"elementor-post-navigation__separator\"><\/div>\n\t\t\t\t<\/div>\n\t\t\t\t\t\t<div class=\"elementor-post-navigation__next elementor-post-navigation__link\">\n\t\t\t\t<a href=\"https:\/\/www.capotex.com\/es\/pimasa-y-capotex-en-exposibram-brasil-2022\/\" rel=\"next\"><span class=\"elementor-post-navigation__link__next\"><span class=\"post-navigation__next--label\">Siguiente<\/span><span class=\"post-navigation__next--title\">Pimasa y Capotex en Exposibram Brasil 2022<\/span><\/span><span class=\"post-navigation__arrow-wrapper post-navigation__arrow-next\"><i aria-hidden=\"true\" class=\"fas fa-angle-right\"><\/i><span class=\"elementor-screen-only\">Siguiente<\/span><\/span><\/a>\t\t\t<\/div>\n\t\t<\/div>\n\t\t\t\t\t\t<\/div>\n\t\t\t\t<\/div>\n\t\t\t\t\t<\/div>\n\t\t\t\t<\/div>\n\t\t\t\t<\/div>\n\t\t","protected":false},"excerpt":{"rendered":"<p>Volver a blog y noticias Capotex expondr\u00e1 junto con Pimasa Brasil en Exposibram, stand B13, del 12 al 15 de septiembre. Considerado uno de los eventos mineros m\u00e1s importantes de Am\u00e9rica Latina, la Expo &amp; Congreso Brasile\u00f1o de Miner\u00eda (EXPOSIBRAM) es realizada anualmente por el IBRAM, con el patrocinio de grandes empresas y la participaci\u00f3n [&hellip;]<\/p>\n","protected":false},"author":1,"featured_media":23331,"comment_status":"closed","ping_status":"closed","sticky":false,"template":"","format":"standard","meta":{"_joinchat":[],"footnotes":""},"categories":[82],"tags":[],"class_list":["post-26680","post","type-post","status-publish","format-standard","has-post-thumbnail","hentry","category-ferias-y-exposiciones"],"_links":{"self":[{"href":"https:\/\/www.capotex.com\/es\/wp-json\/wp\/v2\/posts\/26680","targetHints":{"allow":["GET"]}}],"collection":[{"href":"https:\/\/www.capotex.com\/es\/wp-json\/wp\/v2\/posts"}],"about":[{"href":"https:\/\/www.capotex.com\/es\/wp-json\/wp\/v2\/types\/post"}],"author":[{"embeddable":true,"href":"https:\/\/www.capotex.com\/es\/wp-json\/wp\/v2\/users\/1"}],"replies":[{"embeddable":true,"href":"https:\/\/www.capotex.com\/es\/wp-json\/wp\/v2\/comments?post=26680"}],"version-history":[{"count":2,"href":"https:\/\/www.capotex.com\/es\/wp-json\/wp\/v2\/posts\/26680\/revisions"}],"predecessor-version":[{"id":26687,"href":"https:\/\/www.capotex.com\/es\/wp-json\/wp\/v2\/posts\/26680\/revisions\/26687"}],"wp:featuredmedia":[{"embeddable":true,"href":"https:\/\/www.capotex.com\/es\/wp-json\/wp\/v2\/media\/23331"}],"wp:attachment":[{"href":"https:\/\/www.capotex.com\/es\/wp-json\/wp\/v2\/media?parent=26680"}],"wp:term":[{"taxonomy":"category","embeddable":true,"href":"https:\/\/www.capotex.com\/es\/wp-json\/wp\/v2\/categories?post=26680"},{"taxonomy":"post_tag","embeddable":true,"href":"https:\/\/www.capotex.com\/es\/wp-json\/wp\/v2\/tags?post=26680"}],"curies":[{"name":"wp","href":"https:\/\/api.w.org\/{rel}","templated":true}]}}