{"id":26542,"date":"2018-03-14T09:09:27","date_gmt":"2018-03-14T08:09:27","guid":{"rendered":"https:\/\/capotex.com\/lespagne-adopte-linitiative-canadienne-pour-une-exploitation-miniere-durable\/"},"modified":"2023-07-22T08:00:34","modified_gmt":"2023-07-22T07:00:34","slug":"lespagne-adopte-linitiative-canadienne-pour-une-exploitation-miniere-durable","status":"publish","type":"post","link":"https:\/\/www.capotex.com\/fr\/lespagne-adopte-linitiative-canadienne-pour-une-exploitation-miniere-durable\/","title":{"rendered":"L&rsquo;Espagne adopte l&rsquo;initiative canadienne \u00ab\u00a0Pour une exploitation mini\u00e8re durable\u00a0\u00bb."},"content":{"rendered":"\t\t<div data-elementor-type=\"wp-post\" data-elementor-id=\"26542\" class=\"elementor elementor-26542 elementor-2833\" data-elementor-post-type=\"post\">\n\t\t\t\t\t\t<section class=\"elementor-section elementor-top-section elementor-element elementor-element-7e62743 elementor-section-boxed elementor-section-height-default elementor-section-height-default\" data-id=\"7e62743\" data-element_type=\"section\" data-e-type=\"section\">\n\t\t\t\t\t\t<div class=\"elementor-container elementor-column-gap-default\">\n\t\t\t\t\t<div class=\"elementor-column elementor-col-100 elementor-top-column elementor-element elementor-element-cfd294b\" data-id=\"cfd294b\" data-element_type=\"column\" data-e-type=\"column\">\n\t\t\t<div class=\"elementor-widget-wrap elementor-element-populated\">\n\t\t\t\t\t\t<div class=\"elementor-element elementor-element-b0769e0 elementor-widget elementor-widget-text-editor\" data-id=\"b0769e0\" data-element_type=\"widget\" data-e-type=\"widget\" data-widget_type=\"text-editor.default\">\n\t\t\t\t<div class=\"elementor-widget-container\">\n\t\t\t\t\t\t\t\t\t<p><a href=\"https:\/\/www.capotex.com\/fr\/blog-et-nouvelles\/\">Retour au blog et aux nouvelles<\/a><\/p>\n\t\t\t\t\t\t\t\t<\/div>\n\t\t\t\t<\/div>\n\t\t\t\t<div class=\"elementor-element elementor-element-1277aed elementor-widget elementor-widget-heading\" data-id=\"1277aed\" data-element_type=\"widget\" data-e-type=\"widget\" data-widget_type=\"heading.default\">\n\t\t\t\t<div class=\"elementor-widget-container\">\n\t\t\t\t\t<h1 class=\"elementor-heading-title elementor-size-default\">L&rsquo;Espagne adopte l&rsquo;initiative canadienne \u00ab\u00a0Pour une exploitation mini\u00e8re durable\u00a0\u00bb.<\/h1>\t\t\t\t<\/div>\n\t\t\t\t<\/div>\n\t\t\t\t<div class=\"elementor-element elementor-element-dd509ef elementor-widget elementor-widget-text-editor\" data-id=\"dd509ef\" data-element_type=\"widget\" data-e-type=\"widget\" data-widget_type=\"text-editor.default\">\n\t\t\t\t<div class=\"elementor-widget-container\">\n\t\t\t\t\t\t\t\t\tmars 14, 2018\t\t\t\t\t\t\t\t<\/div>\n\t\t\t\t<\/div>\n\t\t\t\t<div class=\"elementor-element elementor-element-854b809 elementor-widget elementor-widget-image\" data-id=\"854b809\" data-element_type=\"widget\" data-e-type=\"widget\" data-widget_type=\"image.default\">\n\t\t\t\t<div class=\"elementor-widget-container\">\n\t\t\t\t\t\t\t\t\t\t\t\t\t\t\t<img fetchpriority=\"high\" decoding=\"async\" width=\"441\" height=\"332\" src=\"https:\/\/www.capotex.com\/wp-content\/uploads\/2023\/05\/Conveyor cover cuba.webp\" class=\"attachment-full size-full wp-image-2732\" alt=\"Capots de convoyeurs Cuba\" srcset=\"https:\/\/www.capotex.com\/wp-content\/uploads\/2023\/05\/Conveyor%20cover%20cuba.webp 441w, https:\/\/www.capotex.com\/wp-content\/uploads\/2023\/05\/Conveyor%20cover%20cuba-300x226.webp 300w\" sizes=\"(max-width: 441px) 100vw, 441px\" \/>\t\t\t\t\t\t\t\t\t\t\t\t\t\t\t<\/div>\n\t\t\t\t<\/div>\n\t\t\t\t<div class=\"elementor-element elementor-element-bfffbbc elementor-widget elementor-widget-text-editor\" data-id=\"bfffbbc\" data-element_type=\"widget\" data-e-type=\"widget\" data-widget_type=\"text-editor.default\">\n\t\t\t\t<div class=\"elementor-widget-container\">\n\t\t\t\t\t\t\t\t\t<p>La CONFEDEM (conf\u00e9d\u00e9ration nationale espagnole des employeurs du secteur minier et m\u00e9tallurgique) va int\u00e9grer les normes canadiennes TSM (Towards Sustainable Mining), probablement les normes les plus exigeantes au monde en mati\u00e8re d&rsquo;exploitation mini\u00e8re durable, dans ses propres normes GMMS (gestion mini\u00e8re et m\u00e9tallurgique durable).<\/p>\n<p>Elles couvrent des aspects tels que la sant\u00e9 et la s\u00e9curit\u00e9 des travailleurs, la pr\u00e9servation de la biodiversit\u00e9, l&rsquo;impact sur les communaut\u00e9s, la gestion des crises, l&rsquo;utilisation de l&rsquo;\u00e9nergie et la gestion des \u00e9missions de gaz \u00e0 effet de serre.<br \/>L&rsquo;Espagne est la cinqui\u00e8me association mini\u00e8re nationale \u00e0 adopter l&rsquo;initiative VDMD lanc\u00e9e en 2004, apr\u00e8s la Finlande, l&rsquo;Argentine, le Botswana et les Philippines.<\/p>\n<p>Capotex salue cette initiative qui d\u00e9montre que l&rsquo;activit\u00e9 mini\u00e8re, si n\u00e9cessaire \u00e0 une soci\u00e9t\u00e9 d\u00e9velopp\u00e9e, peut \u00eatre men\u00e9e avec la plus grande attention pour la sant\u00e9 des travailleurs, de la population et de l&rsquo;environnement.<\/p>\n\t\t\t\t\t\t\t\t<\/div>\n\t\t\t\t<\/div>\n\t\t\t\t\t<\/div>\n\t\t<\/div>\n\t\t\t\t\t<\/div>\n\t\t<\/section>\n\t\t<div class=\"elementor-element elementor-element-6575275 e-flex e-con-boxed e-con e-parent\" data-id=\"6575275\" data-element_type=\"container\" data-e-type=\"container\">\n\t\t\t\t\t<div class=\"e-con-inner\">\n\t\t\t\t<div class=\"elementor-element elementor-element-35f3d47 elementor-post-navigation-borders-yes elementor-widget elementor-widget-post-navigation\" data-id=\"35f3d47\" data-element_type=\"widget\" data-e-type=\"widget\" data-widget_type=\"post-navigation.default\">\n\t\t\t\t<div class=\"elementor-widget-container\">\n\t\t\t\t\t\t\t<div class=\"elementor-post-navigation\" role=\"navigation\" aria-label=\"Navigation de publication\">\n\t\t\t<div class=\"elementor-post-navigation__prev elementor-post-navigation__link\">\n\t\t\t\t<a href=\"https:\/\/www.capotex.com\/fr\/capotex-presente-la-durabilite-des-bandes-transporteuses-au-premier-congres-sur-le-transport-mineral-au-perou\/\" rel=\"prev\"><span class=\"post-navigation__arrow-wrapper post-navigation__arrow-prev\"><i aria-hidden=\"true\" class=\"fas fa-angle-left\"><\/i><span class=\"elementor-screen-only\">Pr\u00e9c\u00e9dent<\/span><\/span><span class=\"elementor-post-navigation__link__prev\"><span class=\"post-navigation__prev--label\">Pr\u00e9c\u00e9dent<\/span><span class=\"post-navigation__prev--title\">Capotex pr\u00e9sente la durabilit\u00e9 des bandes transporteuses au premier congr\u00e8s sur le transport min\u00e9ral au P\u00e9rou<\/span><\/span><\/a>\t\t\t<\/div>\n\t\t\t\t\t\t\t<div class=\"elementor-post-navigation__separator-wrapper\">\n\t\t\t\t\t<div class=\"elementor-post-navigation__separator\"><\/div>\n\t\t\t\t<\/div>\n\t\t\t\t\t\t<div class=\"elementor-post-navigation__next elementor-post-navigation__link\">\n\t\t\t\t<a href=\"https:\/\/www.capotex.com\/fr\/couvrir-les-bandes-transporteuses-pour-eviter-les-accidents\/\" rel=\"next\"><span class=\"elementor-post-navigation__link__next\"><span class=\"post-navigation__next--label\">Suivant<\/span><span class=\"post-navigation__next--title\">Couvrir les bandes transporteuses pour \u00e9viter les accidents<\/span><\/span><span class=\"post-navigation__arrow-wrapper post-navigation__arrow-next\"><i aria-hidden=\"true\" class=\"fas fa-angle-right\"><\/i><span class=\"elementor-screen-only\">Suivant<\/span><\/span><\/a>\t\t\t<\/div>\n\t\t<\/div>\n\t\t\t\t\t\t<\/div>\n\t\t\t\t<\/div>\n\t\t\t\t\t<\/div>\n\t\t\t\t<\/div>\n\t\t\t\t<\/div>\n\t\t","protected":false},"excerpt":{"rendered":"<p>Retour au blog et aux nouvelles La CONFEDEM (conf\u00e9d\u00e9ration nationale espagnole des employeurs du secteur minier et m\u00e9tallurgique) va int\u00e9grer les normes canadiennes TSM (Towards Sustainable Mining), probablement les normes les plus exigeantes au monde en mati\u00e8re d&rsquo;exploitation mini\u00e8re durable, dans ses propres normes GMMS (gestion mini\u00e8re et m\u00e9tallurgique durable). Elles couvrent des aspects tels [&hellip;]<\/p>\n","protected":false},"author":1,"featured_media":2627,"comment_status":"closed","ping_status":"closed","sticky":false,"template":"","format":"standard","meta":{"_joinchat":[],"footnotes":""},"categories":[78],"tags":[],"class_list":["post-26542","post","type-post","status-publish","format-standard","has-post-thumbnail","hentry","category-actualites-de-lindustrie-miniere-et-des-carrieres"],"_links":{"self":[{"href":"https:\/\/www.capotex.com\/fr\/wp-json\/wp\/v2\/posts\/26542","targetHints":{"allow":["GET"]}}],"collection":[{"href":"https:\/\/www.capotex.com\/fr\/wp-json\/wp\/v2\/posts"}],"about":[{"href":"https:\/\/www.capotex.com\/fr\/wp-json\/wp\/v2\/types\/post"}],"author":[{"embeddable":true,"href":"https:\/\/www.capotex.com\/fr\/wp-json\/wp\/v2\/users\/1"}],"replies":[{"embeddable":true,"href":"https:\/\/www.capotex.com\/fr\/wp-json\/wp\/v2\/comments?post=26542"}],"version-history":[{"count":1,"href":"https:\/\/www.capotex.com\/fr\/wp-json\/wp\/v2\/posts\/26542\/revisions"}],"predecessor-version":[{"id":26546,"href":"https:\/\/www.capotex.com\/fr\/wp-json\/wp\/v2\/posts\/26542\/revisions\/26546"}],"wp:featuredmedia":[{"embeddable":true,"href":"https:\/\/www.capotex.com\/fr\/wp-json\/wp\/v2\/media\/2627"}],"wp:attachment":[{"href":"https:\/\/www.capotex.com\/fr\/wp-json\/wp\/v2\/media?parent=26542"}],"wp:term":[{"taxonomy":"category","embeddable":true,"href":"https:\/\/www.capotex.com\/fr\/wp-json\/wp\/v2\/categories?post=26542"},{"taxonomy":"post_tag","embeddable":true,"href":"https:\/\/www.capotex.com\/fr\/wp-json\/wp\/v2\/tags?post=26542"}],"curies":[{"name":"wp","href":"https:\/\/api.w.org\/{rel}","templated":true}]}}