{"id":26568,"date":"2018-06-26T09:22:56","date_gmt":"2018-06-26T08:22:56","guid":{"rendered":"https:\/\/capotex.com\/rapport-nepsi-les-mesures-visant-a-prevenir-la-production-et-la-dispersion-de-particules-de-poussiere-a-la-source-doivent-etre-renforcees\/"},"modified":"2023-07-22T08:00:39","modified_gmt":"2023-07-22T07:00:39","slug":"rapport-nepsi-les-mesures-visant-a-prevenir-la-production-et-la-dispersion-de-particules-de-poussiere-a-la-source-doivent-etre-renforcees","status":"publish","type":"post","link":"https:\/\/www.capotex.com\/fr\/rapport-nepsi-les-mesures-visant-a-prevenir-la-production-et-la-dispersion-de-particules-de-poussiere-a-la-source-doivent-etre-renforcees\/","title":{"rendered":"Rapport NEPSI : Les mesures visant \u00e0 pr\u00e9venir la production et la dispersion de particules de poussi\u00e8re \u00e0 la source doivent \u00eatre renforc\u00e9es"},"content":{"rendered":"\t\t<div data-elementor-type=\"wp-post\" data-elementor-id=\"26568\" class=\"elementor elementor-26568 elementor-2978\" data-elementor-post-type=\"post\">\n\t\t\t\t\t\t<section class=\"elementor-section elementor-top-section elementor-element elementor-element-550c405 elementor-section-boxed elementor-section-height-default elementor-section-height-default\" data-id=\"550c405\" data-element_type=\"section\" data-e-type=\"section\">\n\t\t\t\t\t\t<div class=\"elementor-container elementor-column-gap-default\">\n\t\t\t\t\t<div class=\"elementor-column elementor-col-100 elementor-top-column elementor-element elementor-element-1e0ab06\" data-id=\"1e0ab06\" data-element_type=\"column\" data-e-type=\"column\">\n\t\t\t<div class=\"elementor-widget-wrap elementor-element-populated\">\n\t\t\t\t\t\t<div class=\"elementor-element elementor-element-a36131d elementor-widget elementor-widget-text-editor\" data-id=\"a36131d\" data-element_type=\"widget\" data-e-type=\"widget\" data-widget_type=\"text-editor.default\">\n\t\t\t\t<div class=\"elementor-widget-container\">\n\t\t\t\t\t\t\t\t\t<p><a href=\"https:\/\/www.capotex.com\/fr\/blog-et-nouvelles\/\">Retour au blog et aux nouvelles<\/a><\/p>\n\t\t\t\t\t\t\t\t<\/div>\n\t\t\t\t<\/div>\n\t\t\t\t<div class=\"elementor-element elementor-element-2676b13 elementor-widget elementor-widget-heading\" data-id=\"2676b13\" data-element_type=\"widget\" data-e-type=\"widget\" data-widget_type=\"heading.default\">\n\t\t\t\t<div class=\"elementor-widget-container\">\n\t\t\t\t\t<h1 class=\"elementor-heading-title elementor-size-default\">Rapport NEPSI : Les mesures visant \u00e0 pr\u00e9venir la production et la dispersion de particules de poussi\u00e8re \u00e0 la source doivent \u00eatre renforc\u00e9es<\/h1>\t\t\t\t<\/div>\n\t\t\t\t<\/div>\n\t\t\t\t<div class=\"elementor-element elementor-element-0c3a471 elementor-widget elementor-widget-text-editor\" data-id=\"0c3a471\" data-element_type=\"widget\" data-e-type=\"widget\" data-widget_type=\"text-editor.default\">\n\t\t\t\t<div class=\"elementor-widget-container\">\n\t\t\t\t\t\t\t\t\tjuin 26, 2018\t\t\t\t\t\t\t\t<\/div>\n\t\t\t\t<\/div>\n\t\t\t\t<div class=\"elementor-element elementor-element-483900c elementor-widget elementor-widget-image\" data-id=\"483900c\" data-element_type=\"widget\" data-e-type=\"widget\" data-widget_type=\"image.default\">\n\t\t\t\t<div class=\"elementor-widget-container\">\n\t\t\t\t\t\t\t\t\t\t\t\t\t\t\t<img fetchpriority=\"high\" decoding=\"async\" width=\"2560\" height=\"1920\" src=\"https:\/\/www.capotex.com\/wp-content\/uploads\/2018\/06\/NEPSI-report-2018-scaled.webp\" class=\"attachment-full size-full wp-image-24224\" alt=\"NEPSI report 2018\" srcset=\"https:\/\/www.capotex.com\/wp-content\/uploads\/2018\/06\/NEPSI-report-2018-scaled.webp 2560w, https:\/\/www.capotex.com\/wp-content\/uploads\/2018\/06\/NEPSI-report-2018-300x225.webp 300w, https:\/\/www.capotex.com\/wp-content\/uploads\/2018\/06\/NEPSI-report-2018-1024x768.webp 1024w, https:\/\/www.capotex.com\/wp-content\/uploads\/2018\/06\/NEPSI-report-2018-768x576.webp 768w, https:\/\/www.capotex.com\/wp-content\/uploads\/2018\/06\/NEPSI-report-2018-1536x1152.webp 1536w, https:\/\/www.capotex.com\/wp-content\/uploads\/2018\/06\/NEPSI-report-2018-2048x1536.webp 2048w\" sizes=\"(max-width: 2560px) 100vw, 2560px\" \/>\t\t\t\t\t\t\t\t\t\t\t\t\t\t\t<\/div>\n\t\t\t\t<\/div>\n\t\t\t\t<div class=\"elementor-element elementor-element-52d5d22 elementor-widget elementor-widget-text-editor\" data-id=\"52d5d22\" data-element_type=\"widget\" data-e-type=\"widget\" data-widget_type=\"text-editor.default\">\n\t\t\t\t<div class=\"elementor-widget-container\">\n\t\t\t\t\t\t\t\t\t<p>Comme tous les deux ans, la plateforme <a href=\"https:\/\/nepsi.eu\/\" target=\"_blank\" rel=\"noopener\">NEPSI<\/a> a commenc\u00e9 en janvier \u00e0 collecter des donn\u00e9es sur la protection professionnelle contre la silice cristalline respirable (SCR) dans les exploitations espagnoles de granulats, soulignant qu&rsquo;\u00e0 cette occasion, le nombre d&rsquo;exploitations participantes a augment\u00e9 de 23 % et le nombre de travailleurs de 32 %.<\/p>\n<p>Les r\u00e9sultats indiquent qu&rsquo;environ deux travailleurs de l&rsquo;industrie des granulats sur trois sont expos\u00e9s \u00e0 la SCR et que les param\u00e8tres mesur\u00e9s comme les travailleurs couverts par l&rsquo;\u00e9valuation des risques de la SCR, les mesures des niveaux d&rsquo;exposition \u00e0 la SCR et les informations sur la SCR restent stables \u00e0 des pourcentages d&rsquo;environ 95 %. En outre, le protocole de surveillance sanitaire de la silicose s&rsquo;est am\u00e9lior\u00e9 de 10 %, atteignant des niveaux d&rsquo;environ 90 % des travailleurs. Entre 85 % et 90 % des exploitations ont mis en place des mesures organisationnelles pour le SRC et utilisent des \u00e9quipements de protection individuelle appropri\u00e9s.<\/p>\n<p>Toutefois, le pourcentage le plus faible d&rsquo;exploitations agricoles ayant pris des mesures pour pr\u00e9venir la g\u00e9n\u00e9ration et la dispersion de particules de poussi\u00e8re \u00e0 la source n&rsquo;est que de 75 %, soit une baisse de 10 % par rapport au rapport pr\u00e9c\u00e9dent.<\/p>\n<p>Cette ann\u00e9e, l&rsquo;\u00e9tude co\u00efncide avec la publication dans la revue  <a href=\"https:\/\/eur-lex.europa.eu\/legal-content\/EN\/TXT\/?uri=CELEX%3A32017L2398\" target=\"_blank\" rel=\"noopener\">Journal officiel de l&rsquo;Union europ\u00e9enne de la directive (UE) 2017\/2398<\/a>  du Parlement europ\u00e9en et du Conseil du 12 d\u00e9cembre 2017 modifiant la directive 2004\/37\/CE concernant la protection des travailleurs contre les risques li\u00e9s \u00e0 l&rsquo;exposition \u00e0 des agents canc\u00e9rig\u00e8nes ou mutag\u00e8nes au travail. Les r\u00e9sultats obtenus seront int\u00e9gr\u00e9s \u00e0 ceux des autres pays europ\u00e9ens, tant dans le secteur des granulats que dans les autres secteurs signataires de la <a href=\"https:\/\/nepsi.eu\/\" target=\"_blank\" rel=\"noopener\">NEPSI<\/a>, et seront publi\u00e9s dans le <a href=\"https:\/\/nepsi.eu\/wp-content\/uploads\/2022\/10\/nepsi_executive_summary_report_2018.pdf\" target=\"_blank\" rel=\"noopener\">rapport NEPSI 2018<\/a>.<\/p>\n<p>Source : <a href=\"https:\/\/www.aridos.org\/\" target=\"_blank\" rel=\"noopener\">ANEFA<\/a><\/p>\n\t\t\t\t\t\t\t\t<\/div>\n\t\t\t\t<\/div>\n\t\t\t\t\t<\/div>\n\t\t<\/div>\n\t\t\t\t\t<\/div>\n\t\t<\/section>\n\t\t<div class=\"elementor-element elementor-element-3f07bd6 e-flex e-con-boxed e-con e-parent\" data-id=\"3f07bd6\" data-element_type=\"container\" data-e-type=\"container\">\n\t\t\t\t\t<div class=\"e-con-inner\">\n\t\t\t\t<div class=\"elementor-element elementor-element-2e847a9 elementor-post-navigation-borders-yes elementor-widget elementor-widget-post-navigation\" data-id=\"2e847a9\" data-element_type=\"widget\" data-e-type=\"widget\" data-widget_type=\"post-navigation.default\">\n\t\t\t\t<div class=\"elementor-widget-container\">\n\t\t\t\t\t\t\t<div class=\"elementor-post-navigation\" role=\"navigation\" aria-label=\"Navigation de publication\">\n\t\t\t<div class=\"elementor-post-navigation__prev elementor-post-navigation__link\">\n\t\t\t\t<a href=\"https:\/\/www.capotex.com\/fr\/capotex-sponsor-du-forum-gain\/\" rel=\"prev\"><span class=\"post-navigation__arrow-wrapper post-navigation__arrow-prev\"><i aria-hidden=\"true\" class=\"fas fa-angle-left\"><\/i><span class=\"elementor-screen-only\">Pr\u00e9c\u00e9dent<\/span><\/span><span class=\"elementor-post-navigation__link__prev\"><span class=\"post-navigation__prev--label\">Pr\u00e9c\u00e9dent<\/span><span class=\"post-navigation__prev--title\">Capotex, sponsor du Forum GAIN<\/span><\/span><\/a>\t\t\t<\/div>\n\t\t\t\t\t\t\t<div class=\"elementor-post-navigation__separator-wrapper\">\n\t\t\t\t\t<div class=\"elementor-post-navigation__separator\"><\/div>\n\t\t\t\t<\/div>\n\t\t\t\t\t\t<div class=\"elementor-post-navigation__next elementor-post-navigation__link\">\n\t\t\t\t<a href=\"https:\/\/www.capotex.com\/fr\/comment-la-poussiere-generee-par-les-exploitations-de-granulats-est-elle-traitee\/\" rel=\"next\"><span class=\"elementor-post-navigation__link__next\"><span class=\"post-navigation__next--label\">Suivant<\/span><span class=\"post-navigation__next--title\">Comment la poussi\u00e8re g\u00e9n\u00e9r\u00e9e par les exploitations de granulats est-elle trait\u00e9e ?<\/span><\/span><span class=\"post-navigation__arrow-wrapper post-navigation__arrow-next\"><i aria-hidden=\"true\" class=\"fas fa-angle-right\"><\/i><span class=\"elementor-screen-only\">Suivant<\/span><\/span><\/a>\t\t\t<\/div>\n\t\t<\/div>\n\t\t\t\t\t\t<\/div>\n\t\t\t\t<\/div>\n\t\t\t\t\t<\/div>\n\t\t\t\t<\/div>\n\t\t\t\t<\/div>\n\t\t","protected":false},"excerpt":{"rendered":"<p>Retour au blog et aux nouvelles Comme tous les deux ans, la plateforme NEPSI a commenc\u00e9 en janvier \u00e0 collecter des donn\u00e9es sur la protection professionnelle contre la silice cristalline respirable (SCR) dans les exploitations espagnoles de granulats, soulignant qu&rsquo;\u00e0 cette occasion, le nombre d&rsquo;exploitations participantes a augment\u00e9 de 23 % et le nombre de [&hellip;]<\/p>\n","protected":false},"author":1,"featured_media":24224,"comment_status":"closed","ping_status":"closed","sticky":false,"template":"","format":"standard","meta":{"_joinchat":[],"footnotes":""},"categories":[78],"tags":[],"class_list":["post-26568","post","type-post","status-publish","format-standard","has-post-thumbnail","hentry","category-actualites-de-lindustrie-miniere-et-des-carrieres"],"_links":{"self":[{"href":"https:\/\/www.capotex.com\/fr\/wp-json\/wp\/v2\/posts\/26568","targetHints":{"allow":["GET"]}}],"collection":[{"href":"https:\/\/www.capotex.com\/fr\/wp-json\/wp\/v2\/posts"}],"about":[{"href":"https:\/\/www.capotex.com\/fr\/wp-json\/wp\/v2\/types\/post"}],"author":[{"embeddable":true,"href":"https:\/\/www.capotex.com\/fr\/wp-json\/wp\/v2\/users\/1"}],"replies":[{"embeddable":true,"href":"https:\/\/www.capotex.com\/fr\/wp-json\/wp\/v2\/comments?post=26568"}],"version-history":[{"count":1,"href":"https:\/\/www.capotex.com\/fr\/wp-json\/wp\/v2\/posts\/26568\/revisions"}],"predecessor-version":[{"id":26572,"href":"https:\/\/www.capotex.com\/fr\/wp-json\/wp\/v2\/posts\/26568\/revisions\/26572"}],"wp:featuredmedia":[{"embeddable":true,"href":"https:\/\/www.capotex.com\/fr\/wp-json\/wp\/v2\/media\/24224"}],"wp:attachment":[{"href":"https:\/\/www.capotex.com\/fr\/wp-json\/wp\/v2\/media?parent=26568"}],"wp:term":[{"taxonomy":"category","embeddable":true,"href":"https:\/\/www.capotex.com\/fr\/wp-json\/wp\/v2\/categories?post=26568"},{"taxonomy":"post_tag","embeddable":true,"href":"https:\/\/www.capotex.com\/fr\/wp-json\/wp\/v2\/tags?post=26568"}],"curies":[{"name":"wp","href":"https:\/\/api.w.org\/{rel}","templated":true}]}}