{"id":26593,"date":"2020-05-04T18:29:24","date_gmt":"2020-05-04T17:29:24","guid":{"rendered":"https:\/\/capotex.com\/capotex-et-tubbo-dans-les-medias-espagnols-pour-lurgence-covid-19\/"},"modified":"2023-07-22T08:33:20","modified_gmt":"2023-07-22T07:33:20","slug":"capotex-et-tubbo-dans-les-medias-espagnols-pour-lurgence-covid-19","status":"publish","type":"post","link":"https:\/\/www.capotex.com\/fr\/capotex-et-tubbo-dans-les-medias-espagnols-pour-lurgence-covid-19\/","title":{"rendered":"CAPOTEX et TUBBO dans les m\u00e9dias espagnols pour l&rsquo;urgence COVID-19"},"content":{"rendered":"\t\t<div data-elementor-type=\"wp-post\" data-elementor-id=\"26593\" class=\"elementor elementor-26593 elementor-7021\" data-elementor-post-type=\"post\">\n\t\t\t\t\t\t<section class=\"elementor-section elementor-top-section elementor-element elementor-element-fab28e9 elementor-section-boxed elementor-section-height-default elementor-section-height-default\" data-id=\"fab28e9\" data-element_type=\"section\" data-e-type=\"section\">\n\t\t\t\t\t\t<div class=\"elementor-container elementor-column-gap-default\">\n\t\t\t\t\t<div class=\"elementor-column elementor-col-100 elementor-top-column elementor-element elementor-element-9126560\" data-id=\"9126560\" data-element_type=\"column\" data-e-type=\"column\">\n\t\t\t<div class=\"elementor-widget-wrap elementor-element-populated\">\n\t\t\t\t\t\t<div class=\"elementor-element elementor-element-d2fed2e elementor-widget elementor-widget-text-editor\" data-id=\"d2fed2e\" data-element_type=\"widget\" data-e-type=\"widget\" data-widget_type=\"text-editor.default\">\n\t\t\t\t<div class=\"elementor-widget-container\">\n\t\t\t\t\t\t\t\t\t<p><a href=\"https:\/\/www.capotex.com\/fr\/blog-et-nouvelles\/\">Retour au blog et aux nouvelles<\/a><\/p>\n\t\t\t\t\t\t\t\t<\/div>\n\t\t\t\t<\/div>\n\t\t\t\t<div class=\"elementor-element elementor-element-40c0a82 elementor-widget elementor-widget-heading\" data-id=\"40c0a82\" data-element_type=\"widget\" data-e-type=\"widget\" data-widget_type=\"heading.default\">\n\t\t\t\t<div class=\"elementor-widget-container\">\n\t\t\t\t\t<h1 class=\"elementor-heading-title elementor-size-default\">CAPOTEX et TUBBO dans les m\u00e9dias espagnols pour l&rsquo;urgence COVID-19<\/h1>\t\t\t\t<\/div>\n\t\t\t\t<\/div>\n\t\t\t\t<div class=\"elementor-element elementor-element-78489b5 elementor-widget elementor-widget-video\" data-id=\"78489b5\" data-element_type=\"widget\" data-e-type=\"widget\" data-settings=\"{&quot;youtube_url&quot;:&quot;https:\\\/\\\/youtu.be\\\/U-rsDI9r1-g&quot;,&quot;video_type&quot;:&quot;youtube&quot;,&quot;controls&quot;:&quot;yes&quot;}\" data-widget_type=\"video.default\">\n\t\t\t\t<div class=\"elementor-widget-container\">\n\t\t\t\t\t\t\t<div class=\"elementor-wrapper elementor-open-inline\">\n\t\t\t<div class=\"elementor-video\"><\/div>\t\t<\/div>\n\t\t\t\t\t\t<\/div>\n\t\t\t\t<\/div>\n\t\t\t\t<div class=\"elementor-element elementor-element-d8402cf elementor-widget elementor-widget-text-editor\" data-id=\"d8402cf\" data-element_type=\"widget\" data-e-type=\"widget\" data-widget_type=\"text-editor.default\">\n\t\t\t\t<div class=\"elementor-widget-container\">\n\t\t\t\t\t\t\t\t\tmai 4, 2020\t\t\t\t\t\t\t\t<\/div>\n\t\t\t\t<\/div>\n\t\t\t\t<div class=\"elementor-element elementor-element-2482983 elementor-widget elementor-widget-text-editor\" data-id=\"2482983\" data-element_type=\"widget\" data-e-type=\"widget\" data-widget_type=\"text-editor.default\">\n\t\t\t\t<div class=\"elementor-widget-container\">\n\t\t\t\t\t\t\t\t\t<p><a href=\"https:\/\/www.capotex.com\/\">CAPOTEX<\/a> ET <a href=\"https:\/\/www.tubbo.com\/\" target=\"_blank\" rel=\"noopener\">TUBBO<\/a> dans les m\u00e9dias espagnols.<\/p>\n<p>Tubbo et Capotex apparaissent dans certains magazines et bulletins d&rsquo;information espagnols pour les modules d&rsquo;isolation du Coronavirus con\u00e7us par l&rsquo;\u00e9quipe de TUBBO :<\/p>\n<ul>\n<li style=\"list-style-type: none;\">\n<ul>\n<li style=\"list-style-type: none;\">\n<ul>\n<li><a href=\"https:\/\/www.rtve.es\/alacarta\/videos\/telediario\/empresa-gallega-se-reinventa-fabrica-tunel-desinfeccion-para-personas\/5564280\/\" target=\"_blank\" rel=\"noopener\">RTVE<\/a><\/li>\n<li><a href=\"https:\/\/www.lavanguardia.com\/vida\/20200421\/48662560805\/empresa-vallisoletana-crea-boxes-de-emergencia-para-lucha-contra-coronavirus.html\" target=\"_blank\" rel=\"noopener\">La Vanguardia<\/a><\/li>\n<li><a href=\"https:\/\/www.eleconomista.es\/castilla_y_leon\/noticias\/10465016\/04\/20\/Una-empresa-de-Olmedo-crea-boxes-de-emergencia-para-la-lucha-contra-el-coronavirus.html\" target=\"_blank\" rel=\"noopener\">El Economista<\/a><\/li>\n<li><a href=\"https:\/\/www.europapress.es\/castilla-y-leon\/noticia-empresa-olmedo-valaldolid-crea-boxes-emergencia-lucha-contra-coronavirus-20200421103227.html\" target=\"_blank\" rel=\"noopener\">Europa Press\/a&gt;<\/a><\/li>\n<li><a href=\"https:\/\/www.cope.es\/actualidad\/sociedad\/noticias\/una-empresa-olmedo-valaldolid-crea-boxes-emergencia-para-lucha-contra-coronavirus-20200421_689129\" target=\"_blank\" rel=\"noopener\">COPE<\/a><\/li>\n<li><a href=\"https:\/\/cadenaser.com\/emisora\/2020\/04\/24\/radio_medina\/1587720846_346077.html\" target=\"_blank\" rel=\"noopener\">SER<\/a><\/li>\n<li><a href=\"https:\/\/cadenaser.com\/emisora\/2020\/04\/24\/radio_medina\/1587720846_346077.html\" target=\"_blank\" rel=\"noopener\">Bolsaman\u00eda<\/a><\/li>\n<li><a href=\"https:\/\/www.redaccionmedica.com\/ultimas-noticias-sanidad\/una-empresa-de-olmedo-valaldolid-crea-boxes-de-emergencia-para-la-lucha-contra-el-coronavirus\" target=\"_blank\" rel=\"noopener\">R\u00e9vision m\u00e9dicale<\/a><\/li>\n<li><a href=\"https:\/\/www.madridesnoticia.es\/2020\/04\/una-empresa-de-majadahonda-crea-boxes-de-emergencia-como-medida-ante-el-covid-19\/\" target=\"_blank\" rel=\"noopener\">Madrid es Noticia<\/a><\/li>\n<li><a href=\"https:\/\/www.eldiadevalladolid.com\/noticia\/Z170EEDC2-0A47-1749-FB8B4E60BEC5B201\/202004\/una-empresa-crea-boxes-de-emergencia-para-la-covid-19\" target=\"_blank\" rel=\"noopener\">Le jour de Valladolid<\/a><\/li>\n<li><a href=\"https:\/\/www.20minutos.es\/noticia\/4233791\/0\/una-empresa-de-olmedo-valaldolid-crea-boxes-de-emergencia-para-la-lucha-contra-el-coronavirus\/\" target=\"_blank\" rel=\"noopener\">20 minutes<\/a><\/li>\n<\/ul>\n<\/li>\n<\/ul>\n<\/li>\n<\/ul>\n\t\t\t\t\t\t\t\t<\/div>\n\t\t\t\t<\/div>\n\t\t\t\t\t<\/div>\n\t\t<\/div>\n\t\t\t\t\t<\/div>\n\t\t<\/section>\n\t\t<div class=\"elementor-element elementor-element-79dca85 e-flex e-con-boxed e-con e-parent\" data-id=\"79dca85\" data-element_type=\"container\" data-e-type=\"container\">\n\t\t\t\t\t<div class=\"e-con-inner\">\n\t\t\t\t<div class=\"elementor-element elementor-element-7c10bb0 elementor-post-navigation-borders-yes elementor-widget elementor-widget-post-navigation\" data-id=\"7c10bb0\" data-element_type=\"widget\" data-e-type=\"widget\" data-widget_type=\"post-navigation.default\">\n\t\t\t\t<div class=\"elementor-widget-container\">\n\t\t\t\t\t\t\t<div class=\"elementor-post-navigation\" role=\"navigation\" aria-label=\"Navigation de publication\">\n\t\t\t<div class=\"elementor-post-navigation__prev elementor-post-navigation__link\">\n\t\t\t\t<a href=\"https:\/\/www.capotex.com\/fr\/covid-19-capotex-avec-lurgence-sanitaire-coronavirus\/\" rel=\"prev\"><span class=\"post-navigation__arrow-wrapper post-navigation__arrow-prev\"><i aria-hidden=\"true\" class=\"fas fa-angle-left\"><\/i><span class=\"elementor-screen-only\">Pr\u00e9c\u00e9dent<\/span><\/span><span class=\"elementor-post-navigation__link__prev\"><span class=\"post-navigation__prev--label\">Pr\u00e9c\u00e9dent<\/span><span class=\"post-navigation__prev--title\">COVID-19. CAPOTEX avec l&rsquo;urgence sanitaire Coronavirus<\/span><\/span><\/a>\t\t\t<\/div>\n\t\t\t\t\t\t\t<div class=\"elementor-post-navigation__separator-wrapper\">\n\t\t\t\t\t<div class=\"elementor-post-navigation__separator\"><\/div>\n\t\t\t\t<\/div>\n\t\t\t\t\t\t<div class=\"elementor-post-navigation__next elementor-post-navigation__link\">\n\t\t\t\t<a href=\"https:\/\/www.capotex.com\/fr\/nouveau-revetement-capotex-polyester-pour-les-revetements-de-courroies-coveyor\/\" rel=\"next\"><span class=\"elementor-post-navigation__link__next\"><span class=\"post-navigation__next--label\">Suivant<\/span><span class=\"post-navigation__next--title\">Nouveau rev\u00eatement Capotex Polyester pour les rev\u00eatements de courroies Coveyor<\/span><\/span><span class=\"post-navigation__arrow-wrapper post-navigation__arrow-next\"><i aria-hidden=\"true\" class=\"fas fa-angle-right\"><\/i><span class=\"elementor-screen-only\">Suivant<\/span><\/span><\/a>\t\t\t<\/div>\n\t\t<\/div>\n\t\t\t\t\t\t<\/div>\n\t\t\t\t<\/div>\n\t\t\t\t\t<\/div>\n\t\t\t\t<\/div>\n\t\t\t\t<\/div>\n\t\t","protected":false},"excerpt":{"rendered":"<p>Retour au blog et aux nouvelles https:\/\/youtu.be\/U-rsDI9r1-g CAPOTEX ET TUBBO dans les m\u00e9dias espagnols. Tubbo et Capotex apparaissent dans certains magazines et bulletins d&rsquo;information espagnols pour les modules d&rsquo;isolation du Coronavirus con\u00e7us par l&rsquo;\u00e9quipe de TUBBO : RTVE La Vanguardia El Economista Europa Press\/a&gt; COPE SER Bolsaman\u00eda R\u00e9vision m\u00e9dicale Madrid es Noticia Le jour de [&hellip;]<\/p>\n","protected":false},"author":1,"featured_media":24119,"comment_status":"closed","ping_status":"open","sticky":false,"template":"","format":"video","meta":{"_joinchat":[],"footnotes":""},"categories":[78],"tags":[],"class_list":["post-26593","post","type-post","status-publish","format-video","has-post-thumbnail","hentry","category-actualites-de-lindustrie-miniere-et-des-carrieres","post_format-post-format-video"],"_links":{"self":[{"href":"https:\/\/www.capotex.com\/fr\/wp-json\/wp\/v2\/posts\/26593","targetHints":{"allow":["GET"]}}],"collection":[{"href":"https:\/\/www.capotex.com\/fr\/wp-json\/wp\/v2\/posts"}],"about":[{"href":"https:\/\/www.capotex.com\/fr\/wp-json\/wp\/v2\/types\/post"}],"author":[{"embeddable":true,"href":"https:\/\/www.capotex.com\/fr\/wp-json\/wp\/v2\/users\/1"}],"replies":[{"embeddable":true,"href":"https:\/\/www.capotex.com\/fr\/wp-json\/wp\/v2\/comments?post=26593"}],"version-history":[{"count":1,"href":"https:\/\/www.capotex.com\/fr\/wp-json\/wp\/v2\/posts\/26593\/revisions"}],"predecessor-version":[{"id":26601,"href":"https:\/\/www.capotex.com\/fr\/wp-json\/wp\/v2\/posts\/26593\/revisions\/26601"}],"wp:featuredmedia":[{"embeddable":true,"href":"https:\/\/www.capotex.com\/fr\/wp-json\/wp\/v2\/media\/24119"}],"wp:attachment":[{"href":"https:\/\/www.capotex.com\/fr\/wp-json\/wp\/v2\/media?parent=26593"}],"wp:term":[{"taxonomy":"category","embeddable":true,"href":"https:\/\/www.capotex.com\/fr\/wp-json\/wp\/v2\/categories?post=26593"},{"taxonomy":"post_tag","embeddable":true,"href":"https:\/\/www.capotex.com\/fr\/wp-json\/wp\/v2\/tags?post=26593"}],"curies":[{"name":"wp","href":"https:\/\/api.w.org\/{rel}","templated":true}]}}