{"id":26595,"date":"2018-10-11T10:22:31","date_gmt":"2018-10-11T09:22:31","guid":{"rendered":"https:\/\/capotex.com\/nous-vous-attendons-sur-notre-stand-a-solids-dortmund-7-8-novembre-2018\/"},"modified":"2023-07-22T08:33:21","modified_gmt":"2023-07-22T07:33:21","slug":"nous-vous-attendons-sur-notre-stand-a-solids-dortmund-7-8-novembre-2018","status":"publish","type":"post","link":"https:\/\/www.capotex.com\/fr\/nous-vous-attendons-sur-notre-stand-a-solids-dortmund-7-8-novembre-2018\/","title":{"rendered":"Nous vous attendons sur notre stand \u00e0 SOLIDS DORTMUND (7\/8 novembre 2018)."},"content":{"rendered":"\t\t<div data-elementor-type=\"wp-post\" data-elementor-id=\"26595\" class=\"elementor elementor-26595 elementor-3090\" data-elementor-post-type=\"post\">\n\t\t\t\t\t\t<section class=\"elementor-section elementor-top-section elementor-element elementor-element-0f9722f elementor-section-boxed elementor-section-height-default elementor-section-height-default\" data-id=\"0f9722f\" data-element_type=\"section\" data-e-type=\"section\">\n\t\t\t\t\t\t<div class=\"elementor-container elementor-column-gap-default\">\n\t\t\t\t\t<div class=\"elementor-column elementor-col-100 elementor-top-column elementor-element elementor-element-eca7890\" data-id=\"eca7890\" data-element_type=\"column\" data-e-type=\"column\">\n\t\t\t<div class=\"elementor-widget-wrap elementor-element-populated\">\n\t\t\t\t\t\t<div class=\"elementor-element elementor-element-037c1bc elementor-widget elementor-widget-text-editor\" data-id=\"037c1bc\" data-element_type=\"widget\" data-e-type=\"widget\" data-widget_type=\"text-editor.default\">\n\t\t\t\t<div class=\"elementor-widget-container\">\n\t\t\t\t\t\t\t\t\t<p><a href=\"https:\/\/www.capotex.com\/fr\/blog-et-nouvelles\/\">Retour au blog et aux nouvelles<\/a><\/p>\n\t\t\t\t\t\t\t\t<\/div>\n\t\t\t\t<\/div>\n\t\t\t\t<div class=\"elementor-element elementor-element-337df1b elementor-widget elementor-widget-heading\" data-id=\"337df1b\" data-element_type=\"widget\" data-e-type=\"widget\" data-widget_type=\"heading.default\">\n\t\t\t\t<div class=\"elementor-widget-container\">\n\t\t\t\t\t<h1 class=\"elementor-heading-title elementor-size-default\">Nous vous attendons sur notre stand \u00e0 SOLIDS DORTMUND (7\/8 novembre 2018).<\/h1>\t\t\t\t<\/div>\n\t\t\t\t<\/div>\n\t\t\t\t<div class=\"elementor-element elementor-element-28dc843 animated-slow elementor-invisible elementor-widget elementor-widget-image\" data-id=\"28dc843\" data-element_type=\"widget\" data-e-type=\"widget\" data-settings=\"{&quot;_animation&quot;:&quot;zoomIn&quot;}\" data-widget_type=\"image.default\">\n\t\t\t\t<div class=\"elementor-widget-container\">\n\t\t\t\t\t\t\t\t\t\t\t\t\t\t\t<img fetchpriority=\"high\" decoding=\"async\" width=\"288\" height=\"240\" src=\"https:\/\/www.capotex.com\/wp-content\/uploads\/2018\/10\/Dortmund-2018.webp\" class=\"attachment-full size-full wp-image-24189\" alt=\"\" \/>\t\t\t\t\t\t\t\t\t\t\t\t\t\t\t<\/div>\n\t\t\t\t<\/div>\n\t\t\t\t<div class=\"elementor-element elementor-element-501fde9 elementor-widget elementor-widget-text-editor\" data-id=\"501fde9\" data-element_type=\"widget\" data-e-type=\"widget\" data-widget_type=\"text-editor.default\">\n\t\t\t\t<div class=\"elementor-widget-container\">\n\t\t\t\t\t\t\t\t\toctobre 11, 2018\t\t\t\t\t\t\t\t<\/div>\n\t\t\t\t<\/div>\n\t\t\t\t<div class=\"elementor-element elementor-element-d6ce395 elementor-widget elementor-widget-text-editor\" data-id=\"d6ce395\" data-element_type=\"widget\" data-e-type=\"widget\" data-widget_type=\"text-editor.default\">\n\t\t\t\t<div class=\"elementor-widget-container\">\n\t\t\t\t\t\t\t\t\t<div><span style=\"font-family: Calibri, sans-serif; font-size: small;\"><span style=\"font-size: medium;\"><br \/>\n  <span lang=\"en-IE\"><a href=\"https:\/\/www.solids-dortmund.de\/\" target=\"_blank\" rel=\"noopener\">SOLIDS DORTMUND<\/a>,<\/span><br \/>\n<\/span><span style=\"font-size: medium;\"><br \/>\n  <span lang=\"en-IE\"> <\/span><br \/>\n<\/span><span style=\"color: #333333; font-size: medium;\"><br \/>\n  <span lang=\"en-IE\">le salon professionnel des technologies des granul\u00e9s, des poudres et des solides en vrac se tient \u00e0 la Messe Dortmund dans les halls 4, 5, 6 et 7.<\/span><br \/>\n<\/span><\/span><\/div>\n<div><span style=\"font-family: Calibri, sans-serif; font-size: small;\"><span style=\"font-size: medium;\"><span lang=\"en-IE\">L&rsquo;\u00e9ventail des exposants couvre l&rsquo;ensemble de la cha\u00eene de valeur des technologies de traitement des granul\u00e9s, des poudres et des mat\u00e9riaux en vrac, et constitue une plate-forme id\u00e9ale pour \u00e9changer avec les fournisseurs de nouveaux produits et solutions. SOLIDS Dortmund combine une exposition de premi\u00e8re classe avec un programme de haut niveau et d&rsquo;innombrables possibilit\u00e9s de mise en r\u00e9seau.<\/span><\/span><\/span><\/div>\n\t\t\t\t\t\t\t\t<\/div>\n\t\t\t\t<\/div>\n\t\t\t\t\t<\/div>\n\t\t<\/div>\n\t\t\t\t\t<\/div>\n\t\t<\/section>\n\t\t<div class=\"elementor-element elementor-element-21ddb52 e-flex e-con-boxed e-con e-parent\" data-id=\"21ddb52\" data-element_type=\"container\" data-e-type=\"container\">\n\t\t\t\t\t<div class=\"e-con-inner\">\n\t\t\t\t<div class=\"elementor-element elementor-element-d3aea12 elementor-post-navigation-borders-yes elementor-widget elementor-widget-post-navigation\" data-id=\"d3aea12\" data-element_type=\"widget\" data-e-type=\"widget\" data-widget_type=\"post-navigation.default\">\n\t\t\t\t<div class=\"elementor-widget-container\">\n\t\t\t\t\t\t\t<div class=\"elementor-post-navigation\" role=\"navigation\" aria-label=\"Navigation de publication\">\n\t\t\t<div class=\"elementor-post-navigation__prev elementor-post-navigation__link\">\n\t\t\t\t<a href=\"https:\/\/www.capotex.com\/fr\/comment-la-poussiere-generee-par-les-exploitations-de-granulats-est-elle-traitee\/\" rel=\"prev\"><span class=\"post-navigation__arrow-wrapper post-navigation__arrow-prev\"><i aria-hidden=\"true\" class=\"fas fa-angle-left\"><\/i><span class=\"elementor-screen-only\">Pr\u00e9c\u00e9dent<\/span><\/span><span class=\"elementor-post-navigation__link__prev\"><span class=\"post-navigation__prev--label\">Pr\u00e9c\u00e9dent<\/span><span class=\"post-navigation__prev--title\">Comment la poussi\u00e8re g\u00e9n\u00e9r\u00e9e par les exploitations de granulats est-elle trait\u00e9e ?<\/span><\/span><\/a>\t\t\t<\/div>\n\t\t\t\t\t\t\t<div class=\"elementor-post-navigation__separator-wrapper\">\n\t\t\t\t\t<div class=\"elementor-post-navigation__separator\"><\/div>\n\t\t\t\t<\/div>\n\t\t\t\t\t\t<div class=\"elementor-post-navigation__next elementor-post-navigation__link\">\n\t\t\t\t<a href=\"https:\/\/www.capotex.com\/fr\/jusquou-le-vent-peut-il-transporter-les-poussieres-generees-dans-une-exploitation-de-granulats\/\" rel=\"next\"><span class=\"elementor-post-navigation__link__next\"><span class=\"post-navigation__next--label\">Suivant<\/span><span class=\"post-navigation__next--title\">Jusqu&rsquo;o\u00f9 le vent peut-il transporter les poussi\u00e8res g\u00e9n\u00e9r\u00e9es dans une exploitation de granulats ?<\/span><\/span><span class=\"post-navigation__arrow-wrapper post-navigation__arrow-next\"><i aria-hidden=\"true\" class=\"fas fa-angle-right\"><\/i><span class=\"elementor-screen-only\">Suivant<\/span><\/span><\/a>\t\t\t<\/div>\n\t\t<\/div>\n\t\t\t\t\t\t<\/div>\n\t\t\t\t<\/div>\n\t\t\t\t\t<\/div>\n\t\t\t\t<\/div>\n\t\t\t\t<\/div>\n\t\t","protected":false},"excerpt":{"rendered":"<p>Retour au blog et aux nouvelles SOLIDS DORTMUND, le salon professionnel des technologies des granul\u00e9s, des poudres et des solides en vrac se tient \u00e0 la Messe Dortmund dans les halls 4, 5, 6 et 7. L&rsquo;\u00e9ventail des exposants couvre l&rsquo;ensemble de la cha\u00eene de valeur des technologies de traitement des granul\u00e9s, des poudres et [&hellip;]<\/p>\n","protected":false},"author":1,"featured_media":24189,"comment_status":"closed","ping_status":"closed","sticky":false,"template":"","format":"standard","meta":{"_joinchat":[],"footnotes":""},"categories":[83],"tags":[],"class_list":["post-26595","post","type-post","status-publish","format-standard","has-post-thumbnail","hentry","category-foires-et-expositions"],"_links":{"self":[{"href":"https:\/\/www.capotex.com\/fr\/wp-json\/wp\/v2\/posts\/26595","targetHints":{"allow":["GET"]}}],"collection":[{"href":"https:\/\/www.capotex.com\/fr\/wp-json\/wp\/v2\/posts"}],"about":[{"href":"https:\/\/www.capotex.com\/fr\/wp-json\/wp\/v2\/types\/post"}],"author":[{"embeddable":true,"href":"https:\/\/www.capotex.com\/fr\/wp-json\/wp\/v2\/users\/1"}],"replies":[{"embeddable":true,"href":"https:\/\/www.capotex.com\/fr\/wp-json\/wp\/v2\/comments?post=26595"}],"version-history":[{"count":2,"href":"https:\/\/www.capotex.com\/fr\/wp-json\/wp\/v2\/posts\/26595\/revisions"}],"predecessor-version":[{"id":26622,"href":"https:\/\/www.capotex.com\/fr\/wp-json\/wp\/v2\/posts\/26595\/revisions\/26622"}],"wp:featuredmedia":[{"embeddable":true,"href":"https:\/\/www.capotex.com\/fr\/wp-json\/wp\/v2\/media\/24189"}],"wp:attachment":[{"href":"https:\/\/www.capotex.com\/fr\/wp-json\/wp\/v2\/media?parent=26595"}],"wp:term":[{"taxonomy":"category","embeddable":true,"href":"https:\/\/www.capotex.com\/fr\/wp-json\/wp\/v2\/categories?post=26595"},{"taxonomy":"post_tag","embeddable":true,"href":"https:\/\/www.capotex.com\/fr\/wp-json\/wp\/v2\/tags?post=26595"}],"curies":[{"name":"wp","href":"https:\/\/api.w.org\/{rel}","templated":true}]}}