{"id":26598,"date":"2022-05-09T11:07:29","date_gmt":"2022-05-09T10:07:29","guid":{"rendered":"https:\/\/capotex.com\/capotex-sera-present-au-salon-batimatec-2022-a-alger-du-15-au-19-mai-dans-le-hall-a-stand-as37\/"},"modified":"2023-07-22T08:33:20","modified_gmt":"2023-07-22T07:33:20","slug":"capotex-sera-present-au-salon-batimatec-2022-a-alger-du-15-au-19-mai-dans-le-hall-a-stand-as37","status":"publish","type":"post","link":"https:\/\/www.capotex.com\/fr\/capotex-sera-present-au-salon-batimatec-2022-a-alger-du-15-au-19-mai-dans-le-hall-a-stand-as37\/","title":{"rendered":"Capotex sera pr\u00e9sent au salon BATIMATEC 2022 \u00e0 Alger du 15 au 19 mai dans le hall A, stand AS37."},"content":{"rendered":"\t\t<div data-elementor-type=\"wp-post\" data-elementor-id=\"26598\" class=\"elementor elementor-26598 elementor-18798\" data-elementor-post-type=\"post\">\n\t\t\t\t<div class=\"elementor-element elementor-element-4009227 e-flex e-con-boxed e-con e-parent\" data-id=\"4009227\" data-element_type=\"container\" data-e-type=\"container\" data-settings=\"{&quot;background_background&quot;:&quot;classic&quot;}\">\n\t\t\t\t\t<div class=\"e-con-inner\">\n\t\t\t\t<div class=\"elementor-element elementor-element-d4d7237 elementor-widget elementor-widget-text-editor\" data-id=\"d4d7237\" data-element_type=\"widget\" data-e-type=\"widget\" data-widget_type=\"text-editor.default\">\n\t\t\t\t<div class=\"elementor-widget-container\">\n\t\t\t\t\t\t\t\t\t<p><a href=\"https:\/\/www.capotex.com\/fr\/blog-et-nouvelles\/\">Retour au blog et aux nouvelles<\/a><\/p>\n\t\t\t\t\t\t\t\t<\/div>\n\t\t\t\t<\/div>\n\t\t\t\t<div class=\"elementor-element elementor-element-8bd3663 elementor-widget elementor-widget-image\" data-id=\"8bd3663\" data-element_type=\"widget\" data-e-type=\"widget\" data-widget_type=\"image.default\">\n\t\t\t\t<div class=\"elementor-widget-container\">\n\t\t\t\t\t\t\t\t\t\t\t\t\t\t\t<img fetchpriority=\"high\" decoding=\"async\" width=\"455\" height=\"303\" src=\"https:\/\/www.capotex.com\/wp-content\/uploads\/2022\/05\/Capotex-at-Batimatec-2022.webp\" class=\"attachment-full size-full wp-image-23343\" alt=\"Capotex will be present at Batimatec trade fair 2022\" srcset=\"https:\/\/www.capotex.com\/wp-content\/uploads\/2022\/05\/Capotex-at-Batimatec-2022.webp 455w, https:\/\/www.capotex.com\/wp-content\/uploads\/2022\/05\/Capotex-at-Batimatec-2022-300x200.webp 300w\" sizes=\"(max-width: 455px) 100vw, 455px\" \/>\t\t\t\t\t\t\t\t\t\t\t\t\t\t\t<\/div>\n\t\t\t\t<\/div>\n\t\t<div class=\"elementor-element elementor-element-5f51972 e-con-full animated-slow e-flex elementor-invisible e-con e-parent\" data-id=\"5f51972\" data-element_type=\"container\" data-e-type=\"container\" data-settings=\"{&quot;background_background&quot;:&quot;classic&quot;,&quot;animation&quot;:&quot;fadeIn&quot;}\">\n\t\t\t\t<div class=\"elementor-element elementor-element-9deb9de elementor-widget-divider--view-line_icon elementor-view-default elementor-widget-divider--element-align-center elementor-widget elementor-widget-divider\" data-id=\"9deb9de\" data-element_type=\"widget\" data-e-type=\"widget\" data-widget_type=\"divider.default\">\n\t\t\t\t<div class=\"elementor-widget-container\">\n\t\t\t\t\t\t\t<div class=\"elementor-divider\">\n\t\t\t<span class=\"elementor-divider-separator\">\n\t\t\t\t\t\t\t<div class=\"elementor-icon elementor-divider__element\">\n\t\t\t\t\t<i aria-hidden=\"true\" class=\"far fa-newspaper\"><\/i><\/div>\n\t\t\t\t\t\t<\/span>\n\t\t<\/div>\n\t\t\t\t\t\t<\/div>\n\t\t\t\t<\/div>\n\t\t\t\t<div class=\"elementor-element elementor-element-db54e0e elementor-widget elementor-widget-text-editor\" data-id=\"db54e0e\" data-element_type=\"widget\" data-e-type=\"widget\" data-widget_type=\"text-editor.default\">\n\t\t\t\t<div class=\"elementor-widget-container\">\n\t\t\t\t\t\t\t\t\t<p>Capotex sera pr\u00e9sent au salon <strong><a href=\"https:\/\/www.batimatecexpo.com\/\" target=\"_blank\" rel=\"noopener\">BATIMATEC<\/a> 2022<\/strong> \u00e0 Alger du 15 au 19 mai dans le hall A, stand AS37.<\/p>\n<p>Les principales expositions organis\u00e9es par BATIMATEC EXPO :<\/p>\n<p>&#8211; Le Salon International de la Construction, des Mat\u00e9riaux de Construction et des Travaux Publics en partenariat avec la Soci\u00e9t\u00e9 Alg\u00e9rienne des Foires et Exportations (SAFEX) ;<\/p>\n<p>&#8211; Le Salon ALGER INDUSTRIES en partenariat avec le Club d&rsquo;Affaires pour le D\u00e9veloppement des Entreprises Fran\u00e7aises en Alg\u00e9rie CADEFA.<\/p>\n<p>Venez nous rendre visite sur notre stand pour d\u00e9couvrir les derni\u00e8res nouvelles et mises \u00e0 jour de Capotex. Nous vous attendons !<\/p>\n\t\t\t\t\t\t\t\t<\/div>\n\t\t\t\t<\/div>\n\t\t\t\t<\/div>\n\t\t\t\t\t<\/div>\n\t\t\t\t<\/div>\n\t\t<div class=\"elementor-element elementor-element-d76859a e-flex e-con-boxed e-con e-parent\" data-id=\"d76859a\" data-element_type=\"container\" data-e-type=\"container\">\n\t\t\t\t\t<div class=\"e-con-inner\">\n\t\t\t\t<div class=\"elementor-element elementor-element-e64a74f elementor-post-navigation-borders-yes elementor-widget elementor-widget-post-navigation\" data-id=\"e64a74f\" data-element_type=\"widget\" data-e-type=\"widget\" data-widget_type=\"post-navigation.default\">\n\t\t\t\t<div class=\"elementor-widget-container\">\n\t\t\t\t\t\t\t<div class=\"elementor-post-navigation\" role=\"navigation\" aria-label=\"Navigation de publication\">\n\t\t\t<div class=\"elementor-post-navigation__prev elementor-post-navigation__link\">\n\t\t\t\t<a href=\"https:\/\/www.capotex.com\/fr\/capotex-et-le-salon-sim-marseille-2022\/\" rel=\"prev\"><span class=\"post-navigation__arrow-wrapper post-navigation__arrow-prev\"><i aria-hidden=\"true\" class=\"fas fa-angle-left\"><\/i><span class=\"elementor-screen-only\">Pr\u00e9c\u00e9dent<\/span><\/span><span class=\"elementor-post-navigation__link__prev\"><span class=\"post-navigation__prev--label\">Pr\u00e9c\u00e9dent<\/span><span class=\"post-navigation__prev--title\">Capotex et le salon SIM Marseille 2022<\/span><\/span><\/a>\t\t\t<\/div>\n\t\t\t\t\t\t\t<div class=\"elementor-post-navigation__separator-wrapper\">\n\t\t\t\t\t<div class=\"elementor-post-navigation__separator\"><\/div>\n\t\t\t\t<\/div>\n\t\t\t\t\t\t<div class=\"elementor-post-navigation__next elementor-post-navigation__link\">\n\t\t\t\t<a href=\"https:\/\/www.capotex.com\/fr\/venez-nous-rendre-visite-lors-des-prochains-salons-dautomne\/\" rel=\"next\"><span class=\"elementor-post-navigation__link__next\"><span class=\"post-navigation__next--label\">Suivant<\/span><span class=\"post-navigation__next--title\">Venez nous rendre visite lors des prochains salons d&rsquo;automne<\/span><\/span><span class=\"post-navigation__arrow-wrapper post-navigation__arrow-next\"><i aria-hidden=\"true\" class=\"fas fa-angle-right\"><\/i><span class=\"elementor-screen-only\">Suivant<\/span><\/span><\/a>\t\t\t<\/div>\n\t\t<\/div>\n\t\t\t\t\t\t<\/div>\n\t\t\t\t<\/div>\n\t\t\t\t\t<\/div>\n\t\t\t\t<\/div>\n\t\t\t\t<\/div>\n\t\t","protected":false},"excerpt":{"rendered":"<p>Retour au blog et aux nouvelles Capotex sera pr\u00e9sent au salon BATIMATEC 2022 \u00e0 Alger du 15 au 19 mai dans le hall A, stand AS37. Les principales expositions organis\u00e9es par BATIMATEC EXPO : &#8211; Le Salon International de la Construction, des Mat\u00e9riaux de Construction et des Travaux Publics en partenariat avec la Soci\u00e9t\u00e9 Alg\u00e9rienne [&hellip;]<\/p>\n","protected":false},"author":1,"featured_media":23343,"comment_status":"closed","ping_status":"open","sticky":false,"template":"","format":"standard","meta":{"_joinchat":[],"footnotes":""},"categories":[83],"tags":[],"class_list":["post-26598","post","type-post","status-publish","format-standard","has-post-thumbnail","hentry","category-foires-et-expositions"],"_links":{"self":[{"href":"https:\/\/www.capotex.com\/fr\/wp-json\/wp\/v2\/posts\/26598","targetHints":{"allow":["GET"]}}],"collection":[{"href":"https:\/\/www.capotex.com\/fr\/wp-json\/wp\/v2\/posts"}],"about":[{"href":"https:\/\/www.capotex.com\/fr\/wp-json\/wp\/v2\/types\/post"}],"author":[{"embeddable":true,"href":"https:\/\/www.capotex.com\/fr\/wp-json\/wp\/v2\/users\/1"}],"replies":[{"embeddable":true,"href":"https:\/\/www.capotex.com\/fr\/wp-json\/wp\/v2\/comments?post=26598"}],"version-history":[{"count":2,"href":"https:\/\/www.capotex.com\/fr\/wp-json\/wp\/v2\/posts\/26598\/revisions"}],"predecessor-version":[{"id":26619,"href":"https:\/\/www.capotex.com\/fr\/wp-json\/wp\/v2\/posts\/26598\/revisions\/26619"}],"wp:featuredmedia":[{"embeddable":true,"href":"https:\/\/www.capotex.com\/fr\/wp-json\/wp\/v2\/media\/23343"}],"wp:attachment":[{"href":"https:\/\/www.capotex.com\/fr\/wp-json\/wp\/v2\/media?parent=26598"}],"wp:term":[{"taxonomy":"category","embeddable":true,"href":"https:\/\/www.capotex.com\/fr\/wp-json\/wp\/v2\/categories?post=26598"},{"taxonomy":"post_tag","embeddable":true,"href":"https:\/\/www.capotex.com\/fr\/wp-json\/wp\/v2\/tags?post=26598"}],"curies":[{"name":"wp","href":"https:\/\/api.w.org\/{rel}","templated":true}]}}