{"id":26611,"date":"2019-09-12T14:36:53","date_gmt":"2019-09-12T13:36:53","guid":{"rendered":"https:\/\/capotex.com\/perumin-2019-nouvelle-technologie-capoguards\/"},"modified":"2023-07-22T08:33:20","modified_gmt":"2023-07-22T07:33:20","slug":"perumin-2019-nouvelle-technologie-capoguards","status":"publish","type":"post","link":"https:\/\/www.capotex.com\/fr\/perumin-2019-nouvelle-technologie-capoguards\/","title":{"rendered":"PERUMIN 2019 &#8211; Nouvelle technologie Capoguards"},"content":{"rendered":"\t\t<div data-elementor-type=\"wp-post\" data-elementor-id=\"26611\" class=\"elementor elementor-26611 elementor-4956\" data-elementor-post-type=\"post\">\n\t\t\t\t\t\t<section class=\"elementor-section elementor-top-section elementor-element elementor-element-c8fadd0 elementor-section-boxed elementor-section-height-default elementor-section-height-default\" data-id=\"c8fadd0\" data-element_type=\"section\" data-e-type=\"section\">\n\t\t\t\t\t\t<div class=\"elementor-container elementor-column-gap-default\">\n\t\t\t\t\t<div class=\"elementor-column elementor-col-100 elementor-top-column elementor-element elementor-element-d4a5cd0\" data-id=\"d4a5cd0\" data-element_type=\"column\" data-e-type=\"column\">\n\t\t\t<div class=\"elementor-widget-wrap elementor-element-populated\">\n\t\t\t\t\t\t<div class=\"elementor-element elementor-element-68544ce elementor-widget elementor-widget-text-editor\" data-id=\"68544ce\" data-element_type=\"widget\" data-e-type=\"widget\" data-widget_type=\"text-editor.default\">\n\t\t\t\t<div class=\"elementor-widget-container\">\n\t\t\t\t\t\t\t\t\t<p><a href=\"https:\/\/www.capotex.com\/fr\/blog-et-nouvelles\/\">Retour au blog et aux nouvelles<\/a><\/p>\n\t\t\t\t\t\t\t\t<\/div>\n\t\t\t\t<\/div>\n\t\t\t\t<div class=\"elementor-element elementor-element-fe2f888 elementor-widget elementor-widget-heading\" data-id=\"fe2f888\" data-element_type=\"widget\" data-e-type=\"widget\" data-widget_type=\"heading.default\">\n\t\t\t\t<div class=\"elementor-widget-container\">\n\t\t\t\t\t<h1 class=\"elementor-heading-title elementor-size-default\">PERUMIN 2019 &#8211; Nouvelle technologie Capoguards<\/h1>\t\t\t\t<\/div>\n\t\t\t\t<\/div>\n\t\t\t\t<div class=\"elementor-element elementor-element-3d5daf4 animated-slow elementor-widget__width-inherit elementor-invisible elementor-widget elementor-widget-image\" data-id=\"3d5daf4\" data-element_type=\"widget\" data-e-type=\"widget\" data-settings=\"{&quot;_animation&quot;:&quot;zoomIn&quot;}\" data-widget_type=\"image.default\">\n\t\t\t\t<div class=\"elementor-widget-container\">\n\t\t\t\t\t\t\t\t\t\t\t\t\t\t\t<img fetchpriority=\"high\" decoding=\"async\" width=\"275\" height=\"183\" src=\"https:\/\/www.capotex.com\/wp-content\/uploads\/2019\/09\/Perumin-photo.jpg\" class=\"attachment-full size-full wp-image-24150\" alt=\"Entrance at the Perumin trade fair\" \/>\t\t\t\t\t\t\t\t\t\t\t\t\t\t\t<\/div>\n\t\t\t\t<\/div>\n\t\t\t\t<div class=\"elementor-element elementor-element-b3ecaf2 elementor-widget elementor-widget-text-editor\" data-id=\"b3ecaf2\" data-element_type=\"widget\" data-e-type=\"widget\" data-widget_type=\"text-editor.default\">\n\t\t\t\t<div class=\"elementor-widget-container\">\n\t\t\t\t\t\t\t\t\tseptembre 12, 2019\t\t\t\t\t\t\t\t<\/div>\n\t\t\t\t<\/div>\n\t\t\t\t<div class=\"elementor-element elementor-element-506229b elementor-widget elementor-widget-text-editor\" data-id=\"506229b\" data-element_type=\"widget\" data-e-type=\"widget\" data-widget_type=\"text-editor.default\">\n\t\t\t\t<div class=\"elementor-widget-container\">\n\t\t\t\t\t\t\t\t\t<p>La <a href=\"https:\/\/perumin.com\" target=\"_blank\" rel=\"noopener\">convention mini\u00e8re PERUMIN 2019<\/a> arrive bient\u00f4t ! Ne manquez pas l&rsquo;occasion de d\u00e9couvrir les derni\u00e8res nouveaut\u00e9s Capotex, comme les nouveaux <a href=\"https:\/\/www.capotex.com\/fr\/produits\/protections-laterales-du-convoyeur\/\">Capoguards<\/a> ou la nouvelle technologie Easy Lock System. Notre responsable grands comptes <a href=\"https:\/\/www.linkedin.com\/in\/martin-schmidt-549526bb\/\" target=\"_blank\" rel=\"noopener\">, Martin Schmidt<\/a>, vous attendra du 16 au 20 septembre \u00e0 Arequipa, au P\u00e9rou. Vous pouvez nous trouver dans le hall d&rsquo;exposition C, CBT stands 1567 \u00e0 1574.<\/p>\n<p>Les nouvelles r\u00e9glementations en mati\u00e8re de s\u00e9curit\u00e9 et de durabilit\u00e9, ainsi que la conservation et le soin de l&rsquo;environnement, ont g\u00e9n\u00e9r\u00e9, sur le march\u00e9 industriel, le besoin d&rsquo;\u00e9voluer et d&rsquo;am\u00e9liorer l&rsquo;infrastructure et ses ressources.<\/p>\n<p>Les Capoguards sont des structures avanc\u00e9es et pr\u00e9fabriqu\u00e9es qui permettent une installation simple et rapide. Avec eux, de nouveaux sch\u00e9mas d&rsquo;assemblage et des fixations diff\u00e9rentes ont \u00e9t\u00e9 d\u00e9velopp\u00e9s afin de s&rsquo;adapter au sc\u00e9nario de chaque client.<\/p>\n\t\t\t\t\t\t\t\t<\/div>\n\t\t\t\t<\/div>\n\t\t\t\t\t<\/div>\n\t\t<\/div>\n\t\t\t\t\t<\/div>\n\t\t<\/section>\n\t\t<div class=\"elementor-element elementor-element-0a52f78 e-flex e-con-boxed e-con e-parent\" data-id=\"0a52f78\" data-element_type=\"container\" data-e-type=\"container\">\n\t\t\t\t\t<div class=\"e-con-inner\">\n\t\t\t\t<div class=\"elementor-element elementor-element-bca400e elementor-post-navigation-borders-yes elementor-widget elementor-widget-post-navigation\" data-id=\"bca400e\" data-element_type=\"widget\" data-e-type=\"widget\" data-widget_type=\"post-navigation.default\">\n\t\t\t\t<div class=\"elementor-widget-container\">\n\t\t\t\t\t\t\t<div class=\"elementor-post-navigation\" role=\"navigation\" aria-label=\"Navigation de publication\">\n\t\t\t<div class=\"elementor-post-navigation__prev elementor-post-navigation__link\">\n\t\t\t\t<a href=\"https:\/\/www.capotex.com\/fr\/jusquou-le-vent-peut-il-transporter-les-poussieres-generees-dans-une-exploitation-de-granulats\/\" rel=\"prev\"><span class=\"post-navigation__arrow-wrapper post-navigation__arrow-prev\"><i aria-hidden=\"true\" class=\"fas fa-angle-left\"><\/i><span class=\"elementor-screen-only\">Pr\u00e9c\u00e9dent<\/span><\/span><span class=\"elementor-post-navigation__link__prev\"><span class=\"post-navigation__prev--label\">Pr\u00e9c\u00e9dent<\/span><span class=\"post-navigation__prev--title\">Jusqu&rsquo;o\u00f9 le vent peut-il transporter les poussi\u00e8res g\u00e9n\u00e9r\u00e9es dans une exploitation de granulats ?<\/span><\/span><\/a>\t\t\t<\/div>\n\t\t\t\t\t\t\t<div class=\"elementor-post-navigation__separator-wrapper\">\n\t\t\t\t\t<div class=\"elementor-post-navigation__separator\"><\/div>\n\t\t\t\t<\/div>\n\t\t\t\t\t\t<div class=\"elementor-post-navigation__next elementor-post-navigation__link\">\n\t\t\t\t<a href=\"https:\/\/www.capotex.com\/fr\/capotex-a-beneficie-du-fonds-europeen-de-developpement-regional\/\" rel=\"next\"><span class=\"elementor-post-navigation__link__next\"><span class=\"post-navigation__next--label\">Suivant<\/span><span class=\"post-navigation__next--title\">Capotex a b\u00e9n\u00e9fici\u00e9 du Fonds europ\u00e9en de d\u00e9veloppement r\u00e9gional.<\/span><\/span><span class=\"post-navigation__arrow-wrapper post-navigation__arrow-next\"><i aria-hidden=\"true\" class=\"fas fa-angle-right\"><\/i><span class=\"elementor-screen-only\">Suivant<\/span><\/span><\/a>\t\t\t<\/div>\n\t\t<\/div>\n\t\t\t\t\t\t<\/div>\n\t\t\t\t<\/div>\n\t\t\t\t\t<\/div>\n\t\t\t\t<\/div>\n\t\t\t\t<\/div>\n\t\t","protected":false},"excerpt":{"rendered":"<p>La convention mini\u00e8re de Perumin est une foire d&rsquo;exposition sur les mines et les carri\u00e8res o\u00f9 les fabricants et les fournisseurs pr\u00e9sentent leurs nouvelles caract\u00e9ristiques et leurs nouveaux produits. Il est situ\u00e9 \u00e0 Arequipa, au P\u00e9rou. Capotex pr\u00e9sente la nouvelle gamme de produits Capoguard, ainsi que le nouveau syst\u00e8me de cl\u00e9 Easy Lock.<\/p>\n","protected":false},"author":1,"featured_media":24150,"comment_status":"closed","ping_status":"open","sticky":false,"template":"","format":"video","meta":{"_joinchat":[],"footnotes":""},"categories":[83],"tags":[],"class_list":["post-26611","post","type-post","status-publish","format-video","has-post-thumbnail","hentry","category-foires-et-expositions","post_format-post-format-video"],"_links":{"self":[{"href":"https:\/\/www.capotex.com\/fr\/wp-json\/wp\/v2\/posts\/26611","targetHints":{"allow":["GET"]}}],"collection":[{"href":"https:\/\/www.capotex.com\/fr\/wp-json\/wp\/v2\/posts"}],"about":[{"href":"https:\/\/www.capotex.com\/fr\/wp-json\/wp\/v2\/types\/post"}],"author":[{"embeddable":true,"href":"https:\/\/www.capotex.com\/fr\/wp-json\/wp\/v2\/users\/1"}],"replies":[{"embeddable":true,"href":"https:\/\/www.capotex.com\/fr\/wp-json\/wp\/v2\/comments?post=26611"}],"version-history":[{"count":1,"href":"https:\/\/www.capotex.com\/fr\/wp-json\/wp\/v2\/posts\/26611\/revisions"}],"predecessor-version":[{"id":26627,"href":"https:\/\/www.capotex.com\/fr\/wp-json\/wp\/v2\/posts\/26611\/revisions\/26627"}],"wp:featuredmedia":[{"embeddable":true,"href":"https:\/\/www.capotex.com\/fr\/wp-json\/wp\/v2\/media\/24150"}],"wp:attachment":[{"href":"https:\/\/www.capotex.com\/fr\/wp-json\/wp\/v2\/media?parent=26611"}],"wp:term":[{"taxonomy":"category","embeddable":true,"href":"https:\/\/www.capotex.com\/fr\/wp-json\/wp\/v2\/categories?post=26611"},{"taxonomy":"post_tag","embeddable":true,"href":"https:\/\/www.capotex.com\/fr\/wp-json\/wp\/v2\/tags?post=26611"}],"curies":[{"name":"wp","href":"https:\/\/api.w.org\/{rel}","templated":true}]}}