{"id":26635,"date":"2018-07-17T07:57:07","date_gmt":"2018-07-17T06:57:07","guid":{"rendered":"https:\/\/capotex.com\/comment-la-poussiere-generee-par-les-exploitations-de-granulats-est-elle-traitee\/"},"modified":"2023-07-22T08:33:20","modified_gmt":"2023-07-22T07:33:20","slug":"comment-la-poussiere-generee-par-les-exploitations-de-granulats-est-elle-traitee","status":"publish","type":"post","link":"https:\/\/www.capotex.com\/fr\/comment-la-poussiere-generee-par-les-exploitations-de-granulats-est-elle-traitee\/","title":{"rendered":"Comment la poussi\u00e8re g\u00e9n\u00e9r\u00e9e par les exploitations de granulats est-elle trait\u00e9e ?"},"content":{"rendered":"\t\t<div data-elementor-type=\"wp-post\" data-elementor-id=\"26635\" class=\"elementor elementor-26635 elementor-2989\" data-elementor-post-type=\"post\">\n\t\t\t\t\t\t<section class=\"elementor-section elementor-top-section elementor-element elementor-element-34561d7 elementor-section-boxed elementor-section-height-default elementor-section-height-default\" data-id=\"34561d7\" data-element_type=\"section\" data-e-type=\"section\">\n\t\t\t\t\t\t<div class=\"elementor-container elementor-column-gap-default\">\n\t\t\t\t\t<div class=\"elementor-column elementor-col-100 elementor-top-column elementor-element elementor-element-0d69784\" data-id=\"0d69784\" data-element_type=\"column\" data-e-type=\"column\">\n\t\t\t<div class=\"elementor-widget-wrap elementor-element-populated\">\n\t\t\t\t\t\t<div class=\"elementor-element elementor-element-cc611fd elementor-widget elementor-widget-text-editor\" data-id=\"cc611fd\" data-element_type=\"widget\" data-e-type=\"widget\" data-widget_type=\"text-editor.default\">\n\t\t\t\t<div class=\"elementor-widget-container\">\n\t\t\t\t\t\t\t\t\t<p><a href=\"https:\/\/www.capotex.com\/fr\/blog-et-nouvelles\/\">Retour au blog et aux nouvelles<\/a><\/p>\n\t\t\t\t\t\t\t\t<\/div>\n\t\t\t\t<\/div>\n\t\t\t\t<div class=\"elementor-element elementor-element-49eca2e elementor-widget elementor-widget-heading\" data-id=\"49eca2e\" data-element_type=\"widget\" data-e-type=\"widget\" data-widget_type=\"heading.default\">\n\t\t\t\t<div class=\"elementor-widget-container\">\n\t\t\t\t\t<h1 class=\"elementor-heading-title elementor-size-default\">Comment la poussi\u00e8re g\u00e9n\u00e9r\u00e9e par les exploitations de granulats est-elle trait\u00e9e ?<\/h1>\t\t\t\t<\/div>\n\t\t\t\t<\/div>\n\t\t\t\t<div class=\"elementor-element elementor-element-d8c4b33 elementor-widget elementor-widget-text-editor\" data-id=\"d8c4b33\" data-element_type=\"widget\" data-e-type=\"widget\" data-widget_type=\"text-editor.default\">\n\t\t\t\t<div class=\"elementor-widget-container\">\n\t\t\t\t\t\t\t\t\tjuillet 17, 2018\t\t\t\t\t\t\t\t<\/div>\n\t\t\t\t<\/div>\n\t\t\t\t<div class=\"elementor-element elementor-element-3812415 elementor-widget elementor-widget-image\" data-id=\"3812415\" data-element_type=\"widget\" data-e-type=\"widget\" data-widget_type=\"image.default\">\n\t\t\t\t<div class=\"elementor-widget-container\">\n\t\t\t\t\t\t\t\t\t\t\t\t\t\t\t<img fetchpriority=\"high\" decoding=\"async\" width=\"984\" height=\"698\" src=\"https:\/\/www.capotex.com\/wp-content\/uploads\/2018\/07\/How-is-the-dust-generated-by-aggregate-mining.jpg\" class=\"attachment-full size-full wp-image-24206\" alt=\"How is the dust generated by aggregate mining\" srcset=\"https:\/\/www.capotex.com\/wp-content\/uploads\/2018\/07\/How-is-the-dust-generated-by-aggregate-mining.jpg 984w, https:\/\/www.capotex.com\/wp-content\/uploads\/2018\/07\/How-is-the-dust-generated-by-aggregate-mining-300x213.jpg 300w, https:\/\/www.capotex.com\/wp-content\/uploads\/2018\/07\/How-is-the-dust-generated-by-aggregate-mining-768x545.jpg 768w\" sizes=\"(max-width: 984px) 100vw, 984px\" \/>\t\t\t\t\t\t\t\t\t\t\t\t\t\t\t<\/div>\n\t\t\t\t<\/div>\n\t\t\t\t<div class=\"elementor-element elementor-element-f1959a2 elementor-widget elementor-widget-text-editor\" data-id=\"f1959a2\" data-element_type=\"widget\" data-e-type=\"widget\" data-widget_type=\"text-editor.default\">\n\t\t\t\t<div class=\"elementor-widget-container\">\n\t\t\t\t\t\t\t\t\t<p>Dans les exploitations mini\u00e8res, et en particulier dans les exploitations d&rsquo;agr\u00e9gats, des poussi\u00e8res sont g\u00e9n\u00e9r\u00e9es au cours des op\u00e9rations, de l&rsquo;extraction au transport, au traitement et \u00e0 l&rsquo;exp\u00e9dition des mat\u00e9riaux.<\/p>\n<p>Le contr\u00f4le de ces poussi\u00e8res est une obligation l\u00e9gale pour des raisons de s\u00e9curit\u00e9 et d&rsquo;environnement et pr\u00e9sente \u00e9galement des avantages pour les op\u00e9rations. L&rsquo;avantage le plus important est la r\u00e9duction du risque de maladies respiratoires pour les travailleurs, mais cela permet \u00e9galement de r\u00e9duire l&rsquo;impact sur l&rsquo;environnement, d&rsquo;augmenter la dur\u00e9e de vie des installations et des \u00e9quipements de travail et de contribuer \u00e0 l&rsquo;am\u00e9lioration de l&rsquo;image de l&rsquo;entreprise au sein de la communaut\u00e9.<\/p>\n<p>La n\u00e9cessit\u00e9 de contr\u00f4ler les \u00e9missions de poussi\u00e8res est r\u00e9glement\u00e9e par la directive 2008\/50\/CE qui fixe une valeur limite de 40\u03bcg\/m3 en moyenne annuelle pour les particules d&rsquo;un diam\u00e8tre inf\u00e9rieur ou \u00e9gal \u00e0 10\u03bcm. En outre, la valeur limite journali\u00e8re de 50\u03bcg\/m3 ne doit pas \u00eatre d\u00e9pass\u00e9e plus de 35 fois par an pour les particules de cette taille. Mais de quelle taille s&rsquo;agit-il et quelles sont ses cons\u00e9quences ?<\/p>\n<p>Un micron (\u03bc) est un milli\u00e8me de millim\u00e8tre ou un millioni\u00e8me de m\u00e8tre.<\/p>\n<p>Les particules de 10\u03bcm forment ce que l&rsquo;on appelle la \u00ab\u00a0poussi\u00e8re moyenne\u00a0\u00bb. Il s&rsquo;agit de particules qui ne sont pas visibles \u00e0 l&rsquo;\u0153il nu (bien que leur accumulation soit visible \u00e0 l&rsquo;\u0153il nu) et dont le danger est qu&rsquo;elles peuvent atteindre les alv\u00e9oles pulmonaires.<\/p>\n<p>Lorsqu&rsquo;elles ont une taille inf\u00e9rieure \u00e0 7\u03bcm, elles sont appel\u00e9es \u00ab\u00a0poussi\u00e8res fines\u00a0\u00bb et sont d&rsquo;autant plus difficiles \u00e0 d\u00e9tecter et plus dangereuses qu&rsquo;elles restent plus longtemps en suspension.<\/p>\n<p>Avec une taille sup\u00e9rieure \u00e0 10\u03bcm, on parle de \u00ab\u00a0poussi\u00e8re grossi\u00e8re\u00a0\u00bb et les particules sont d\u00e9tectables \u00e0 la vue. En raison de leur poids et de leur taille plus importants, ils se d\u00e9posent plus rapidement et pr\u00e9sentent moins de risques pour la sant\u00e9, car ils sont davantage retenus par les cils et la membrane muqueuse.<\/p>\n\t\t\t\t\t\t\t\t<\/div>\n\t\t\t\t<\/div>\n\t\t\t\t\t<\/div>\n\t\t<\/div>\n\t\t\t\t\t<\/div>\n\t\t<\/section>\n\t\t<div class=\"elementor-element elementor-element-81020f5 e-flex e-con-boxed e-con e-parent\" data-id=\"81020f5\" data-element_type=\"container\" data-e-type=\"container\">\n\t\t\t\t\t<div class=\"e-con-inner\">\n\t\t\t\t<div class=\"elementor-element elementor-element-ea1e3ce elementor-post-navigation-borders-yes elementor-widget elementor-widget-post-navigation\" data-id=\"ea1e3ce\" data-element_type=\"widget\" data-e-type=\"widget\" data-widget_type=\"post-navigation.default\">\n\t\t\t\t<div class=\"elementor-widget-container\">\n\t\t\t\t\t\t\t<div class=\"elementor-post-navigation\" role=\"navigation\" aria-label=\"Navigation de publication\">\n\t\t\t<div class=\"elementor-post-navigation__prev elementor-post-navigation__link\">\n\t\t\t\t<a href=\"https:\/\/www.capotex.com\/fr\/rapport-nepsi-les-mesures-visant-a-prevenir-la-production-et-la-dispersion-de-particules-de-poussiere-a-la-source-doivent-etre-renforcees\/\" rel=\"prev\"><span class=\"post-navigation__arrow-wrapper post-navigation__arrow-prev\"><i aria-hidden=\"true\" class=\"fas fa-angle-left\"><\/i><span class=\"elementor-screen-only\">Pr\u00e9c\u00e9dent<\/span><\/span><span class=\"elementor-post-navigation__link__prev\"><span class=\"post-navigation__prev--label\">Pr\u00e9c\u00e9dent<\/span><span class=\"post-navigation__prev--title\">Rapport NEPSI : Les mesures visant \u00e0 pr\u00e9venir la production et la dispersion de particules de poussi\u00e8re \u00e0 la source doivent \u00eatre renforc\u00e9es<\/span><\/span><\/a>\t\t\t<\/div>\n\t\t\t\t\t\t\t<div class=\"elementor-post-navigation__separator-wrapper\">\n\t\t\t\t\t<div class=\"elementor-post-navigation__separator\"><\/div>\n\t\t\t\t<\/div>\n\t\t\t\t\t\t<div class=\"elementor-post-navigation__next elementor-post-navigation__link\">\n\t\t\t\t<a href=\"https:\/\/www.capotex.com\/fr\/nous-vous-attendons-sur-notre-stand-a-solids-dortmund-7-8-novembre-2018\/\" rel=\"next\"><span class=\"elementor-post-navigation__link__next\"><span class=\"post-navigation__next--label\">Suivant<\/span><span class=\"post-navigation__next--title\">Nous vous attendons sur notre stand \u00e0 SOLIDS DORTMUND (7\/8 novembre 2018).<\/span><\/span><span class=\"post-navigation__arrow-wrapper post-navigation__arrow-next\"><i aria-hidden=\"true\" class=\"fas fa-angle-right\"><\/i><span class=\"elementor-screen-only\">Suivant<\/span><\/span><\/a>\t\t\t<\/div>\n\t\t<\/div>\n\t\t\t\t\t\t<\/div>\n\t\t\t\t<\/div>\n\t\t\t\t\t<\/div>\n\t\t\t\t<\/div>\n\t\t\t\t<\/div>\n\t\t","protected":false},"excerpt":{"rendered":"<p>Retour au blog et aux nouvelles Dans les exploitations mini\u00e8res, et en particulier dans les exploitations d&rsquo;agr\u00e9gats, des poussi\u00e8res sont g\u00e9n\u00e9r\u00e9es au cours des op\u00e9rations, de l&rsquo;extraction au transport, au traitement et \u00e0 l&rsquo;exp\u00e9dition des mat\u00e9riaux. Le contr\u00f4le de ces poussi\u00e8res est une obligation l\u00e9gale pour des raisons de s\u00e9curit\u00e9 et d&rsquo;environnement et pr\u00e9sente \u00e9galement [&hellip;]<\/p>\n","protected":false},"author":1,"featured_media":24206,"comment_status":"closed","ping_status":"closed","sticky":false,"template":"","format":"standard","meta":{"_joinchat":[],"footnotes":""},"categories":[78],"tags":[],"class_list":["post-26635","post","type-post","status-publish","format-standard","has-post-thumbnail","hentry","category-actualites-de-lindustrie-miniere-et-des-carrieres"],"_links":{"self":[{"href":"https:\/\/www.capotex.com\/fr\/wp-json\/wp\/v2\/posts\/26635","targetHints":{"allow":["GET"]}}],"collection":[{"href":"https:\/\/www.capotex.com\/fr\/wp-json\/wp\/v2\/posts"}],"about":[{"href":"https:\/\/www.capotex.com\/fr\/wp-json\/wp\/v2\/types\/post"}],"author":[{"embeddable":true,"href":"https:\/\/www.capotex.com\/fr\/wp-json\/wp\/v2\/users\/1"}],"replies":[{"embeddable":true,"href":"https:\/\/www.capotex.com\/fr\/wp-json\/wp\/v2\/comments?post=26635"}],"version-history":[{"count":1,"href":"https:\/\/www.capotex.com\/fr\/wp-json\/wp\/v2\/posts\/26635\/revisions"}],"predecessor-version":[{"id":26642,"href":"https:\/\/www.capotex.com\/fr\/wp-json\/wp\/v2\/posts\/26635\/revisions\/26642"}],"wp:featuredmedia":[{"embeddable":true,"href":"https:\/\/www.capotex.com\/fr\/wp-json\/wp\/v2\/media\/24206"}],"wp:attachment":[{"href":"https:\/\/www.capotex.com\/fr\/wp-json\/wp\/v2\/media?parent=26635"}],"wp:term":[{"taxonomy":"category","embeddable":true,"href":"https:\/\/www.capotex.com\/fr\/wp-json\/wp\/v2\/categories?post=26635"},{"taxonomy":"post_tag","embeddable":true,"href":"https:\/\/www.capotex.com\/fr\/wp-json\/wp\/v2\/tags?post=26635"}],"curies":[{"name":"wp","href":"https:\/\/api.w.org\/{rel}","templated":true}]}}