{"id":26640,"date":"2022-04-05T09:30:30","date_gmt":"2022-04-05T08:30:30","guid":{"rendered":"https:\/\/capotex.com\/capotex-et-le-salon-sim-marseille-2022\/"},"modified":"2023-07-22T08:33:22","modified_gmt":"2023-07-22T07:33:22","slug":"capotex-et-le-salon-sim-marseille-2022","status":"publish","type":"post","link":"https:\/\/www.capotex.com\/fr\/capotex-et-le-salon-sim-marseille-2022\/","title":{"rendered":"Capotex et le salon SIM Marseille 2022"},"content":{"rendered":"\t\t<div data-elementor-type=\"wp-post\" data-elementor-id=\"26640\" class=\"elementor elementor-26640 elementor-18130\" data-elementor-post-type=\"post\">\n\t\t\t\t<div class=\"elementor-element elementor-element-e6332ee e-flex e-con-boxed e-con e-parent\" data-id=\"e6332ee\" data-element_type=\"container\" data-e-type=\"container\" data-settings=\"{&quot;background_background&quot;:&quot;classic&quot;}\">\n\t\t\t\t\t<div class=\"e-con-inner\">\n\t\t\t\t<div class=\"elementor-element elementor-element-50d7d04 elementor-widget elementor-widget-text-editor\" data-id=\"50d7d04\" data-element_type=\"widget\" data-e-type=\"widget\" data-widget_type=\"text-editor.default\">\n\t\t\t\t<div class=\"elementor-widget-container\">\n\t\t\t\t\t\t\t\t\t<p><a href=\"https:\/\/www.capotex.com\/fr\/blog-et-nouvelles\/\">Retour au blog et aux nouvelles<\/a><\/p>\n\t\t\t\t\t\t\t\t<\/div>\n\t\t\t\t<\/div>\n\t\t\t\t<div class=\"elementor-element elementor-element-ffe28a9 elementor-widget elementor-widget-image\" data-id=\"ffe28a9\" data-element_type=\"widget\" data-e-type=\"widget\" data-widget_type=\"image.default\">\n\t\t\t\t<div class=\"elementor-widget-container\">\n\t\t\t\t\t\t\t\t\t\t\t\t\t\t\t<img fetchpriority=\"high\" decoding=\"async\" width=\"960\" height=\"640\" src=\"https:\/\/www.capotex.com\/wp-content\/uploads\/2022\/04\/Capotex-at-Marseille-tradeshow-2022.webp\" class=\"attachment-full size-full wp-image-23350\" alt=\"Capotex at Marseille tradeshow 2022\" srcset=\"https:\/\/www.capotex.com\/wp-content\/uploads\/2022\/04\/Capotex-at-Marseille-tradeshow-2022.webp 960w, https:\/\/www.capotex.com\/wp-content\/uploads\/2022\/04\/Capotex-at-Marseille-tradeshow-2022-300x200.webp 300w, https:\/\/www.capotex.com\/wp-content\/uploads\/2022\/04\/Capotex-at-Marseille-tradeshow-2022-768x512.webp 768w\" sizes=\"(max-width: 960px) 100vw, 960px\" \/>\t\t\t\t\t\t\t\t\t\t\t\t\t\t\t<\/div>\n\t\t\t\t<\/div>\n\t\t<div class=\"elementor-element elementor-element-45cb1fd e-con-full animated-slow e-flex elementor-invisible e-con e-parent\" data-id=\"45cb1fd\" data-element_type=\"container\" data-e-type=\"container\" data-settings=\"{&quot;background_background&quot;:&quot;classic&quot;,&quot;animation&quot;:&quot;fadeIn&quot;}\">\n\t\t\t\t<div class=\"elementor-element elementor-element-9e94370 elementor-widget-divider--view-line_icon elementor-view-default elementor-widget-divider--element-align-center elementor-widget elementor-widget-divider\" data-id=\"9e94370\" data-element_type=\"widget\" data-e-type=\"widget\" data-widget_type=\"divider.default\">\n\t\t\t\t<div class=\"elementor-widget-container\">\n\t\t\t\t\t\t\t<div class=\"elementor-divider\">\n\t\t\t<span class=\"elementor-divider-separator\">\n\t\t\t\t\t\t\t<div class=\"elementor-icon elementor-divider__element\">\n\t\t\t\t\t<i aria-hidden=\"true\" class=\"far fa-newspaper\"><\/i><\/div>\n\t\t\t\t\t\t<\/span>\n\t\t<\/div>\n\t\t\t\t\t\t<\/div>\n\t\t\t\t<\/div>\n\t\t\t\t<div class=\"elementor-element elementor-element-b186316 elementor-widget elementor-widget-text-editor\" data-id=\"b186316\" data-element_type=\"widget\" data-e-type=\"widget\" data-widget_type=\"text-editor.default\">\n\t\t\t\t<div class=\"elementor-widget-container\">\n\t\t\t\t\t\t\t\t\t<p>Capotex sera pr\u00e9sent\u00e9 cette ann\u00e9e au <a href=\"https:\/\/www.expositionsim.com\/\" target=\"_blank\" rel=\"noopener\">SIM Marseille<\/a> Tradeshow, la 71\u00e8me \u00e9dition du congr\u00e8s de l&rsquo;industrie min\u00e9rale qui se tiendra \u00e0 Marseille du 19 juin au 21 octobre 2022.<\/p>\n<p>Le salon SIM (Salon du Congr\u00e8s de la Soci\u00e9t\u00e9 de l&rsquo;Industrie Min\u00e9rale) est l&rsquo;interlocuteur privil\u00e9gi\u00e9 du secteur des industries extractives en France ! Il met en valeur les \u00e9quipements et le savoir-faire des fournisseurs de produits et services du secteur.<\/p>\n<p>La d\u00e9couverte de nouveaux produits et d&rsquo;innovations techniques lors d&rsquo;ateliers gratuits anim\u00e9s par les exposants, l&rsquo;\u00e9change et le dialogue avec des experts de l&rsquo;industrie, dans une atmosph\u00e8re professionnelle et conviviale.<\/p>\n<p>La pr\u00e9sence d&rsquo;organismes publics et d&rsquo;entreprises priv\u00e9es pour r\u00e9pondre \u00e0 vos questions sur l&rsquo;environnement et la r\u00e9glementation ainsi qu&rsquo;un forum de la formation qui regroupe les centres de formation et les \u00e9coles de la profession et une bourse de l&#8217;emploi qui offre de nombreuses opportunit\u00e9s d&#8217;emplois et de stages.<\/p>\n<p>340 fournisseurs dont 50 nouveaux pour vous offrir des solutions plus innovantes et la cr\u00e9ation d&rsquo;un p\u00f4le Mines et B\u00e9ton pour enrichir et diversifier l&rsquo;offre.<\/p>\n\t\t\t\t\t\t\t\t<\/div>\n\t\t\t\t<\/div>\n\t\t\t\t<\/div>\n\t\t\t\t\t<\/div>\n\t\t\t\t<\/div>\n\t\t<div class=\"elementor-element elementor-element-ea4c056 e-flex e-con-boxed e-con e-parent\" data-id=\"ea4c056\" data-element_type=\"container\" data-e-type=\"container\">\n\t\t\t\t\t<div class=\"e-con-inner\">\n\t\t\t\t<div class=\"elementor-element elementor-element-ddb5021 elementor-post-navigation-borders-yes elementor-widget elementor-widget-post-navigation\" data-id=\"ddb5021\" data-element_type=\"widget\" data-e-type=\"widget\" data-widget_type=\"post-navigation.default\">\n\t\t\t\t<div class=\"elementor-widget-container\">\n\t\t\t\t\t\t\t<div class=\"elementor-post-navigation\" role=\"navigation\" aria-label=\"Navigation de publication\">\n\t\t\t<div class=\"elementor-post-navigation__prev elementor-post-navigation__link\">\n\t\t\t\t<a href=\"https:\/\/www.capotex.com\/fr\/un-nouveau-scenario-economique-pour-lindustrie-miniere\/\" rel=\"prev\"><span class=\"post-navigation__arrow-wrapper post-navigation__arrow-prev\"><i aria-hidden=\"true\" class=\"fas fa-angle-left\"><\/i><span class=\"elementor-screen-only\">Pr\u00e9c\u00e9dent<\/span><\/span><span class=\"elementor-post-navigation__link__prev\"><span class=\"post-navigation__prev--label\">Pr\u00e9c\u00e9dent<\/span><span class=\"post-navigation__prev--title\">Un nouveau sc\u00e9nario \u00e9conomique pour l&rsquo;industrie mini\u00e8re<\/span><\/span><\/a>\t\t\t<\/div>\n\t\t\t\t\t\t\t<div class=\"elementor-post-navigation__separator-wrapper\">\n\t\t\t\t\t<div class=\"elementor-post-navigation__separator\"><\/div>\n\t\t\t\t<\/div>\n\t\t\t\t\t\t<div class=\"elementor-post-navigation__next elementor-post-navigation__link\">\n\t\t\t\t<a href=\"https:\/\/www.capotex.com\/fr\/capotex-sera-present-au-salon-batimatec-2022-a-alger-du-15-au-19-mai-dans-le-hall-a-stand-as37\/\" rel=\"next\"><span class=\"elementor-post-navigation__link__next\"><span class=\"post-navigation__next--label\">Suivant<\/span><span class=\"post-navigation__next--title\">Capotex sera pr\u00e9sent au salon BATIMATEC 2022 \u00e0 Alger du 15 au 19 mai dans le hall A, stand AS37.<\/span><\/span><span class=\"post-navigation__arrow-wrapper post-navigation__arrow-next\"><i aria-hidden=\"true\" class=\"fas fa-angle-right\"><\/i><span class=\"elementor-screen-only\">Suivant<\/span><\/span><\/a>\t\t\t<\/div>\n\t\t<\/div>\n\t\t\t\t\t\t<\/div>\n\t\t\t\t<\/div>\n\t\t\t\t\t<\/div>\n\t\t\t\t<\/div>\n\t\t\t\t<\/div>\n\t\t","protected":false},"excerpt":{"rendered":"<p>Retour au blog et aux nouvelles Capotex sera pr\u00e9sent\u00e9 cette ann\u00e9e au SIM Marseille Tradeshow, la 71\u00e8me \u00e9dition du congr\u00e8s de l&rsquo;industrie min\u00e9rale qui se tiendra \u00e0 Marseille du 19 juin au 21 octobre 2022. Le salon SIM (Salon du Congr\u00e8s de la Soci\u00e9t\u00e9 de l&rsquo;Industrie Min\u00e9rale) est l&rsquo;interlocuteur privil\u00e9gi\u00e9 du secteur des industries extractives [&hellip;]<\/p>\n","protected":false},"author":1,"featured_media":23350,"comment_status":"closed","ping_status":"open","sticky":false,"template":"","format":"standard","meta":{"_joinchat":[],"footnotes":""},"categories":[83],"tags":[],"class_list":["post-26640","post","type-post","status-publish","format-standard","has-post-thumbnail","hentry","category-foires-et-expositions"],"_links":{"self":[{"href":"https:\/\/www.capotex.com\/fr\/wp-json\/wp\/v2\/posts\/26640","targetHints":{"allow":["GET"]}}],"collection":[{"href":"https:\/\/www.capotex.com\/fr\/wp-json\/wp\/v2\/posts"}],"about":[{"href":"https:\/\/www.capotex.com\/fr\/wp-json\/wp\/v2\/types\/post"}],"author":[{"embeddable":true,"href":"https:\/\/www.capotex.com\/fr\/wp-json\/wp\/v2\/users\/1"}],"replies":[{"embeddable":true,"href":"https:\/\/www.capotex.com\/fr\/wp-json\/wp\/v2\/comments?post=26640"}],"version-history":[{"count":1,"href":"https:\/\/www.capotex.com\/fr\/wp-json\/wp\/v2\/posts\/26640\/revisions"}],"predecessor-version":[{"id":26648,"href":"https:\/\/www.capotex.com\/fr\/wp-json\/wp\/v2\/posts\/26640\/revisions\/26648"}],"wp:featuredmedia":[{"embeddable":true,"href":"https:\/\/www.capotex.com\/fr\/wp-json\/wp\/v2\/media\/23350"}],"wp:attachment":[{"href":"https:\/\/www.capotex.com\/fr\/wp-json\/wp\/v2\/media?parent=26640"}],"wp:term":[{"taxonomy":"category","embeddable":true,"href":"https:\/\/www.capotex.com\/fr\/wp-json\/wp\/v2\/categories?post=26640"},{"taxonomy":"post_tag","embeddable":true,"href":"https:\/\/www.capotex.com\/fr\/wp-json\/wp\/v2\/tags?post=26640"}],"curies":[{"name":"wp","href":"https:\/\/api.w.org\/{rel}","templated":true}]}}