{"id":26665,"date":"2020-02-18T14:09:36","date_gmt":"2020-02-18T13:09:36","guid":{"rendered":"https:\/\/capotex.com\/capotex-a-beneficie-du-fonds-europeen-de-developpement-regional\/"},"modified":"2023-07-22T08:33:20","modified_gmt":"2023-07-22T07:33:20","slug":"capotex-a-beneficie-du-fonds-europeen-de-developpement-regional","status":"publish","type":"post","link":"https:\/\/www.capotex.com\/fr\/capotex-a-beneficie-du-fonds-europeen-de-developpement-regional\/","title":{"rendered":"Capotex a b\u00e9n\u00e9fici\u00e9 du Fonds europ\u00e9en de d\u00e9veloppement r\u00e9gional."},"content":{"rendered":"\t\t<div data-elementor-type=\"wp-post\" data-elementor-id=\"26665\" class=\"elementor elementor-26665 elementor-6261\" data-elementor-post-type=\"post\">\n\t\t\t\t\t\t<section class=\"elementor-section elementor-top-section elementor-element elementor-element-02e1a9e elementor-section-boxed elementor-section-height-default elementor-section-height-default\" data-id=\"02e1a9e\" data-element_type=\"section\" data-e-type=\"section\">\n\t\t\t\t\t\t<div class=\"elementor-container elementor-column-gap-default\">\n\t\t\t\t\t<div class=\"elementor-column elementor-col-100 elementor-top-column elementor-element elementor-element-57b06ce\" data-id=\"57b06ce\" data-element_type=\"column\" data-e-type=\"column\">\n\t\t\t<div class=\"elementor-widget-wrap elementor-element-populated\">\n\t\t\t\t\t\t<div class=\"elementor-element elementor-element-8097dda elementor-widget elementor-widget-text-editor\" data-id=\"8097dda\" data-element_type=\"widget\" data-e-type=\"widget\" data-widget_type=\"text-editor.default\">\n\t\t\t\t<div class=\"elementor-widget-container\">\n\t\t\t\t\t\t\t\t\t<p><a href=\"https:\/\/www.capotex.com\/fr\/blog-et-nouvelles\/\">Retour au blog et aux nouvelles<\/a><\/p>\n\t\t\t\t\t\t\t\t<\/div>\n\t\t\t\t<\/div>\n\t\t\t\t<div class=\"elementor-element elementor-element-ccd40a7 elementor-widget elementor-widget-heading\" data-id=\"ccd40a7\" data-element_type=\"widget\" data-e-type=\"widget\" data-widget_type=\"heading.default\">\n\t\t\t\t<div class=\"elementor-widget-container\">\n\t\t\t\t\t<h1 class=\"elementor-heading-title elementor-size-default\">Capotex a b\u00e9n\u00e9fici\u00e9 du Fonds europ\u00e9en de d\u00e9veloppement r\u00e9gional.<\/h1>\t\t\t\t<\/div>\n\t\t\t\t<\/div>\n\t\t\t\t<div class=\"elementor-element elementor-element-490efca animated-slow elementor-widget__width-inherit elementor-invisible elementor-widget elementor-widget-image\" data-id=\"490efca\" data-element_type=\"widget\" data-e-type=\"widget\" data-settings=\"{&quot;_animation&quot;:&quot;zoomIn&quot;}\" data-widget_type=\"image.default\">\n\t\t\t\t<div class=\"elementor-widget-container\">\n\t\t\t\t\t\t\t\t\t\t\t\t\t\t\t<img fetchpriority=\"high\" decoding=\"async\" width=\"455\" height=\"111\" src=\"https:\/\/www.capotex.com\/wp-content\/uploads\/2020\/02\/European-Regional-Development-Fund.png\" class=\"attachment-full size-full wp-image-24142\" alt=\"European Regional Development Fund\" srcset=\"https:\/\/www.capotex.com\/wp-content\/uploads\/2020\/02\/European-Regional-Development-Fund.png 455w, https:\/\/www.capotex.com\/wp-content\/uploads\/2020\/02\/European-Regional-Development-Fund-300x73.png 300w\" sizes=\"(max-width: 455px) 100vw, 455px\" \/>\t\t\t\t\t\t\t\t\t\t\t\t\t\t\t<\/div>\n\t\t\t\t<\/div>\n\t\t\t\t<div class=\"elementor-element elementor-element-dbb164b elementor-widget elementor-widget-text-editor\" data-id=\"dbb164b\" data-element_type=\"widget\" data-e-type=\"widget\" data-widget_type=\"text-editor.default\">\n\t\t\t\t<div class=\"elementor-widget-container\">\n\t\t\t\t\t\t\t\t\tf\u00e9vrier 18, 2020\t\t\t\t\t\t\t\t<\/div>\n\t\t\t\t<\/div>\n\t\t\t\t<div class=\"elementor-element elementor-element-7db5cbd elementor-widget elementor-widget-text-editor\" data-id=\"7db5cbd\" data-element_type=\"widget\" data-e-type=\"widget\" data-widget_type=\"text-editor.default\">\n\t\t\t\t<div class=\"elementor-widget-container\">\n\t\t\t\t\t\t\t\t\t<p>Capotex 2000,SL a b\u00e9n\u00e9fici\u00e9 du Fonds europ\u00e9en de d\u00e9veloppement r\u00e9gional.<\/p>\n<p>Les objectifs sont d&rsquo;am\u00e9liorer l&rsquo;utilisation et la qualit\u00e9 des technologies et des communications, ainsi que l&rsquo;acc\u00e8s \u00e0 celles-ci.<\/p>\n<p>Gr\u00e2ce \u00e0 cela, nous avons pu installer la solution suivante : un logiciel de conception et d&rsquo;impression 3D pour Prototype. Cette r\u00e9alisation a eu lieu au cours de l&rsquo;ann\u00e9e 2019-2020. Pour ce faire, notre entreprise a re\u00e7u le soutien de la chambre de commerce TICChambers form de Madrid.<\/p>\n\t\t\t\t\t\t\t\t<\/div>\n\t\t\t\t<\/div>\n\t\t\t\t\t<\/div>\n\t\t<\/div>\n\t\t\t\t\t<\/div>\n\t\t<\/section>\n\t\t<div class=\"elementor-element elementor-element-9a72c3e e-flex e-con-boxed e-con e-parent\" data-id=\"9a72c3e\" data-element_type=\"container\" data-e-type=\"container\">\n\t\t\t\t\t<div class=\"e-con-inner\">\n\t\t\t\t<div class=\"elementor-element elementor-element-2ffe0ed elementor-post-navigation-borders-yes elementor-widget elementor-widget-post-navigation\" data-id=\"2ffe0ed\" data-element_type=\"widget\" data-e-type=\"widget\" data-widget_type=\"post-navigation.default\">\n\t\t\t\t<div class=\"elementor-widget-container\">\n\t\t\t\t\t\t\t<div class=\"elementor-post-navigation\" role=\"navigation\" aria-label=\"Navigation de publication\">\n\t\t\t<div class=\"elementor-post-navigation__prev elementor-post-navigation__link\">\n\t\t\t\t<a href=\"https:\/\/www.capotex.com\/fr\/perumin-2019-nouvelle-technologie-capoguards\/\" rel=\"prev\"><span class=\"post-navigation__arrow-wrapper post-navigation__arrow-prev\"><i aria-hidden=\"true\" class=\"fas fa-angle-left\"><\/i><span class=\"elementor-screen-only\">Pr\u00e9c\u00e9dent<\/span><\/span><span class=\"elementor-post-navigation__link__prev\"><span class=\"post-navigation__prev--label\">Pr\u00e9c\u00e9dent<\/span><span class=\"post-navigation__prev--title\">PERUMIN 2019 &#8211; Nouvelle technologie Capoguards<\/span><\/span><\/a>\t\t\t<\/div>\n\t\t\t\t\t\t\t<div class=\"elementor-post-navigation__separator-wrapper\">\n\t\t\t\t\t<div class=\"elementor-post-navigation__separator\"><\/div>\n\t\t\t\t<\/div>\n\t\t\t\t\t\t<div class=\"elementor-post-navigation__next elementor-post-navigation__link\">\n\t\t\t\t<a href=\"https:\/\/www.capotex.com\/fr\/covid-19-capotex-avec-lurgence-sanitaire-coronavirus\/\" rel=\"next\"><span class=\"elementor-post-navigation__link__next\"><span class=\"post-navigation__next--label\">Suivant<\/span><span class=\"post-navigation__next--title\">COVID-19. CAPOTEX avec l&rsquo;urgence sanitaire Coronavirus<\/span><\/span><span class=\"post-navigation__arrow-wrapper post-navigation__arrow-next\"><i aria-hidden=\"true\" class=\"fas fa-angle-right\"><\/i><span class=\"elementor-screen-only\">Suivant<\/span><\/span><\/a>\t\t\t<\/div>\n\t\t<\/div>\n\t\t\t\t\t\t<\/div>\n\t\t\t\t<\/div>\n\t\t\t\t\t<\/div>\n\t\t\t\t<\/div>\n\t\t\t\t<\/div>\n\t\t","protected":false},"excerpt":{"rendered":"<p>Retour au blog et aux nouvelles Capotex 2000,SL a b\u00e9n\u00e9fici\u00e9 du Fonds europ\u00e9en de d\u00e9veloppement r\u00e9gional. Les objectifs sont d&rsquo;am\u00e9liorer l&rsquo;utilisation et la qualit\u00e9 des technologies et des communications, ainsi que l&rsquo;acc\u00e8s \u00e0 celles-ci. Gr\u00e2ce \u00e0 cela, nous avons pu installer la solution suivante : un logiciel de conception et d&rsquo;impression 3D pour Prototype. Cette [&hellip;]<\/p>\n","protected":false},"author":1,"featured_media":24142,"comment_status":"closed","ping_status":"open","sticky":false,"template":"","format":"standard","meta":{"_joinchat":[],"footnotes":""},"categories":[78],"tags":[],"class_list":["post-26665","post","type-post","status-publish","format-standard","has-post-thumbnail","hentry","category-actualites-de-lindustrie-miniere-et-des-carrieres"],"_links":{"self":[{"href":"https:\/\/www.capotex.com\/fr\/wp-json\/wp\/v2\/posts\/26665","targetHints":{"allow":["GET"]}}],"collection":[{"href":"https:\/\/www.capotex.com\/fr\/wp-json\/wp\/v2\/posts"}],"about":[{"href":"https:\/\/www.capotex.com\/fr\/wp-json\/wp\/v2\/types\/post"}],"author":[{"embeddable":true,"href":"https:\/\/www.capotex.com\/fr\/wp-json\/wp\/v2\/users\/1"}],"replies":[{"embeddable":true,"href":"https:\/\/www.capotex.com\/fr\/wp-json\/wp\/v2\/comments?post=26665"}],"version-history":[{"count":1,"href":"https:\/\/www.capotex.com\/fr\/wp-json\/wp\/v2\/posts\/26665\/revisions"}],"predecessor-version":[{"id":26670,"href":"https:\/\/www.capotex.com\/fr\/wp-json\/wp\/v2\/posts\/26665\/revisions\/26670"}],"wp:featuredmedia":[{"embeddable":true,"href":"https:\/\/www.capotex.com\/fr\/wp-json\/wp\/v2\/media\/24142"}],"wp:attachment":[{"href":"https:\/\/www.capotex.com\/fr\/wp-json\/wp\/v2\/media?parent=26665"}],"wp:term":[{"taxonomy":"category","embeddable":true,"href":"https:\/\/www.capotex.com\/fr\/wp-json\/wp\/v2\/categories?post=26665"},{"taxonomy":"post_tag","embeddable":true,"href":"https:\/\/www.capotex.com\/fr\/wp-json\/wp\/v2\/tags?post=26665"}],"curies":[{"name":"wp","href":"https:\/\/api.w.org\/{rel}","templated":true}]}}