{"id":26672,"date":"2021-02-16T16:27:23","date_gmt":"2021-02-16T15:27:23","guid":{"rendered":"https:\/\/capotex.com\/un-nouveau-scenario-economique-pour-lindustrie-miniere\/"},"modified":"2023-07-22T08:33:22","modified_gmt":"2023-07-22T07:33:22","slug":"un-nouveau-scenario-economique-pour-lindustrie-miniere","status":"publish","type":"post","link":"https:\/\/www.capotex.com\/fr\/un-nouveau-scenario-economique-pour-lindustrie-miniere\/","title":{"rendered":"Un nouveau sc\u00e9nario \u00e9conomique pour l&rsquo;industrie mini\u00e8re"},"content":{"rendered":"\t\t<div data-elementor-type=\"wp-post\" data-elementor-id=\"26672\" class=\"elementor elementor-26672 elementor-11564\" data-elementor-post-type=\"post\">\n\t\t\t\t\t\t<section class=\"elementor-section elementor-top-section elementor-element elementor-element-552a84e elementor-section-boxed elementor-section-height-default elementor-section-height-default\" data-id=\"552a84e\" data-element_type=\"section\" data-e-type=\"section\">\n\t\t\t\t\t\t<div class=\"elementor-container elementor-column-gap-default\">\n\t\t\t\t\t<div class=\"elementor-column elementor-col-100 elementor-top-column elementor-element elementor-element-1ecdd2e\" data-id=\"1ecdd2e\" data-element_type=\"column\" data-e-type=\"column\">\n\t\t\t<div class=\"elementor-widget-wrap elementor-element-populated\">\n\t\t\t\t\t\t<div class=\"elementor-element elementor-element-95a521b elementor-widget elementor-widget-text-editor\" data-id=\"95a521b\" data-element_type=\"widget\" data-e-type=\"widget\" data-widget_type=\"text-editor.default\">\n\t\t\t\t<div class=\"elementor-widget-container\">\n\t\t\t\t\t\t\t\t\t<p><a href=\"https:\/\/www.capotex.com\/fr\/blog-et-nouvelles\/\">Retour au blog et aux nouvelles<\/a><\/p>\n\t\t\t\t\t\t\t\t<\/div>\n\t\t\t\t<\/div>\n\t\t\t\t<div class=\"elementor-element elementor-element-abc9fe4 elementor-widget elementor-widget-heading\" data-id=\"abc9fe4\" data-element_type=\"widget\" data-e-type=\"widget\" data-widget_type=\"heading.default\">\n\t\t\t\t<div class=\"elementor-widget-container\">\n\t\t\t\t\t<h1 class=\"elementor-heading-title elementor-size-default\">Un nouveau sc\u00e9nario \u00e9conomique pour l&rsquo;industrie mini\u00e8re<\/h1>\t\t\t\t<\/div>\n\t\t\t\t<\/div>\n\t\t\t\t<div class=\"elementor-element elementor-element-e105ddb animated-slow elementor-widget__width-inherit elementor-invisible elementor-widget elementor-widget-image\" data-id=\"e105ddb\" data-element_type=\"widget\" data-e-type=\"widget\" data-settings=\"{&quot;_animation&quot;:&quot;zoomIn&quot;}\" data-widget_type=\"image.default\">\n\t\t\t\t<div class=\"elementor-widget-container\">\n\t\t\t\t\t\t\t\t\t\t\t\t\t\t\t<img fetchpriority=\"high\" decoding=\"async\" width=\"1741\" height=\"1306\" src=\"https:\/\/www.capotex.com\/wp-content\/uploads\/2021\/02\/A-new-economic-scenario-for-mining.webp\" class=\"attachment-full size-full wp-image-23873\" alt=\"A new economic scenario for mining\" srcset=\"https:\/\/www.capotex.com\/wp-content\/uploads\/2021\/02\/A-new-economic-scenario-for-mining.webp 1741w, https:\/\/www.capotex.com\/wp-content\/uploads\/2021\/02\/A-new-economic-scenario-for-mining-300x225.webp 300w, https:\/\/www.capotex.com\/wp-content\/uploads\/2021\/02\/A-new-economic-scenario-for-mining-1024x768.webp 1024w, https:\/\/www.capotex.com\/wp-content\/uploads\/2021\/02\/A-new-economic-scenario-for-mining-768x576.webp 768w, https:\/\/www.capotex.com\/wp-content\/uploads\/2021\/02\/A-new-economic-scenario-for-mining-1536x1152.webp 1536w\" sizes=\"(max-width: 1741px) 100vw, 1741px\" \/>\t\t\t\t\t\t\t\t\t\t\t\t\t\t\t<\/div>\n\t\t\t\t<\/div>\n\t\t\t\t<div class=\"elementor-element elementor-element-10a940b elementor-widget elementor-widget-text-editor\" data-id=\"10a940b\" data-element_type=\"widget\" data-e-type=\"widget\" data-widget_type=\"text-editor.default\">\n\t\t\t\t<div class=\"elementor-widget-container\">\n\t\t\t\t\t\t\t\t\tf\u00e9vrier 16, 2021\t\t\t\t\t\t\t\t<\/div>\n\t\t\t\t<\/div>\n\t\t\t\t<div class=\"elementor-element elementor-element-bb8e209 elementor-widget elementor-widget-text-editor\" data-id=\"bb8e209\" data-element_type=\"widget\" data-e-type=\"widget\" data-widget_type=\"text-editor.default\">\n\t\t\t\t<div class=\"elementor-widget-container\">\n\t\t\t\t\t\t\t\t\t<p>L&rsquo;\u00e9conomie mondiale est confront\u00e9e \u00e0 une grave contraction due \u00e0 la pand\u00e9mie de COVID-19 ; cependant, le secteur minier est rest\u00e9 r\u00e9sistant et, selon Moody&rsquo;s, il devrait faire encore mieux cette ann\u00e9e, en 2021.<\/p>\n<p>Selon les projections de la Banque mondiale, en Am\u00e9rique latine, le P\u00e9rou sera le pays qui conna\u00eetra une plus grande expansion que l&rsquo;Uruguay (4,6 %), la Colombie (3,6 %), l&rsquo;\u00c9quateur (4,1 %), le Chili (3,1 %), le Mexique (3 %), le Br\u00e9sil (2,2 %), la Bolivie (2,2 %) et l&rsquo;Argentine (2,1 %).<\/p>\n<p>Au P\u00e9rou, nous pouvons souligner les projets en cours de construction, dont Mina Justa, Quellaveco et Toromocho Expansion, dont la construction a d\u00e9but\u00e9 en 2018 et dont la production devrait commencer entre 2021 et 2022. En outre, en 2019, Minera Poderosa a d\u00e9marr\u00e9 son projet d&rsquo;expansion de Santa Mar\u00eda.<\/p>\n<p>Au Chili, pendant la pand\u00e9mie, l&rsquo;exploitation mini\u00e8re est l&rsquo;activit\u00e9 \u00e9conomique la plus importante du pays et de la r\u00e9gion de Coquimbo. Parmi les faits marquants, citons l&rsquo;expansion des phases I et II de la mine Pelambres, El Espino, et la continuit\u00e9 des mines Carmen de Andacallo et Arqueros.<\/p>\n<p>En Colombie, selon le ministre Diego Mesa, le secteur de l&rsquo;exploitation mini\u00e8re et de l&rsquo;\u00e9nergie devrait jouer un r\u00f4le de premier plan dans la r\u00e9activation durable. Les opportunit\u00e9s de production d&rsquo;or et de cuivre sont mises en \u00e9vidence avec plus de 30 projets.<\/p>\n<p>Sources : Mining Press, IIMP, bnamericas : <a href=\"http:\/\/miningpress.com\/\" target=\"_blank\" rel=\"noopener\">Presse mini\u00e8re<\/a>, IIMP, bnamericas.<\/p>\n\t\t\t\t\t\t\t\t<\/div>\n\t\t\t\t<\/div>\n\t\t\t\t\t<\/div>\n\t\t<\/div>\n\t\t\t\t\t<\/div>\n\t\t<\/section>\n\t\t<div class=\"elementor-element elementor-element-5f01b3f e-flex e-con-boxed e-con e-parent\" data-id=\"5f01b3f\" data-element_type=\"container\" data-e-type=\"container\">\n\t\t\t\t\t<div class=\"e-con-inner\">\n\t\t\t\t<div class=\"elementor-element elementor-element-f3189cc elementor-post-navigation-borders-yes elementor-widget elementor-widget-post-navigation\" data-id=\"f3189cc\" data-element_type=\"widget\" data-e-type=\"widget\" data-widget_type=\"post-navigation.default\">\n\t\t\t\t<div class=\"elementor-widget-container\">\n\t\t\t\t\t\t\t<div class=\"elementor-post-navigation\" role=\"navigation\" aria-label=\"Navigation de publication\">\n\t\t\t<div class=\"elementor-post-navigation__prev elementor-post-navigation__link\">\n\t\t\t\t<a href=\"https:\/\/www.capotex.com\/fr\/capotex-est-desormais-certifie-iso-90012015-et-iso-140012015\/\" rel=\"prev\"><span class=\"post-navigation__arrow-wrapper post-navigation__arrow-prev\"><i aria-hidden=\"true\" class=\"fas fa-angle-left\"><\/i><span class=\"elementor-screen-only\">Pr\u00e9c\u00e9dent<\/span><\/span><span class=\"elementor-post-navigation__link__prev\"><span class=\"post-navigation__prev--label\">Pr\u00e9c\u00e9dent<\/span><span class=\"post-navigation__prev--title\">Capotex est d\u00e9sormais certifi\u00e9 ISO 9001:2015 et ISO 14001:2015<\/span><\/span><\/a>\t\t\t<\/div>\n\t\t\t\t\t\t\t<div class=\"elementor-post-navigation__separator-wrapper\">\n\t\t\t\t\t<div class=\"elementor-post-navigation__separator\"><\/div>\n\t\t\t\t<\/div>\n\t\t\t\t\t\t<div class=\"elementor-post-navigation__next elementor-post-navigation__link\">\n\t\t\t\t<a href=\"https:\/\/www.capotex.com\/fr\/capotex-et-le-salon-sim-marseille-2022\/\" rel=\"next\"><span class=\"elementor-post-navigation__link__next\"><span class=\"post-navigation__next--label\">Suivant<\/span><span class=\"post-navigation__next--title\">Capotex et le salon SIM Marseille 2022<\/span><\/span><span class=\"post-navigation__arrow-wrapper post-navigation__arrow-next\"><i aria-hidden=\"true\" class=\"fas fa-angle-right\"><\/i><span class=\"elementor-screen-only\">Suivant<\/span><\/span><\/a>\t\t\t<\/div>\n\t\t<\/div>\n\t\t\t\t\t\t<\/div>\n\t\t\t\t<\/div>\n\t\t\t\t\t<\/div>\n\t\t\t\t<\/div>\n\t\t\t\t<\/div>\n\t\t","protected":false},"excerpt":{"rendered":"<p>L&rsquo;\u00e9conomie mondiale est confront\u00e9e \u00e0 une grave contraction due \u00e0 la pand\u00e9mie de COVID-19 ; cependant, le secteur minier est rest\u00e9 r\u00e9sistant et, selon Moody&rsquo;s, il devrait faire encore mieux cette ann\u00e9e, en 2021.<\/p>\n","protected":false},"author":1,"featured_media":23873,"comment_status":"closed","ping_status":"open","sticky":false,"template":"","format":"standard","meta":{"_joinchat":[],"footnotes":""},"categories":[78],"tags":[],"class_list":["post-26672","post","type-post","status-publish","format-standard","has-post-thumbnail","hentry","category-actualites-de-lindustrie-miniere-et-des-carrieres"],"_links":{"self":[{"href":"https:\/\/www.capotex.com\/fr\/wp-json\/wp\/v2\/posts\/26672","targetHints":{"allow":["GET"]}}],"collection":[{"href":"https:\/\/www.capotex.com\/fr\/wp-json\/wp\/v2\/posts"}],"about":[{"href":"https:\/\/www.capotex.com\/fr\/wp-json\/wp\/v2\/types\/post"}],"author":[{"embeddable":true,"href":"https:\/\/www.capotex.com\/fr\/wp-json\/wp\/v2\/users\/1"}],"replies":[{"embeddable":true,"href":"https:\/\/www.capotex.com\/fr\/wp-json\/wp\/v2\/comments?post=26672"}],"version-history":[{"count":1,"href":"https:\/\/www.capotex.com\/fr\/wp-json\/wp\/v2\/posts\/26672\/revisions"}],"predecessor-version":[{"id":26679,"href":"https:\/\/www.capotex.com\/fr\/wp-json\/wp\/v2\/posts\/26672\/revisions\/26679"}],"wp:featuredmedia":[{"embeddable":true,"href":"https:\/\/www.capotex.com\/fr\/wp-json\/wp\/v2\/media\/23873"}],"wp:attachment":[{"href":"https:\/\/www.capotex.com\/fr\/wp-json\/wp\/v2\/media?parent=26672"}],"wp:term":[{"taxonomy":"category","embeddable":true,"href":"https:\/\/www.capotex.com\/fr\/wp-json\/wp\/v2\/categories?post=26672"},{"taxonomy":"post_tag","embeddable":true,"href":"https:\/\/www.capotex.com\/fr\/wp-json\/wp\/v2\/tags?post=26672"}],"curies":[{"name":"wp","href":"https:\/\/api.w.org\/{rel}","templated":true}]}}