{"id":26685,"date":"2022-09-08T11:17:00","date_gmt":"2022-09-08T10:17:00","guid":{"rendered":"https:\/\/capotex.com\/capotex-exposera-a-exposibram-avec-pimasa-brasil\/"},"modified":"2023-07-22T08:33:39","modified_gmt":"2023-07-22T07:33:39","slug":"capotex-exposera-a-exposibram-avec-pimasa-brasil","status":"publish","type":"post","link":"https:\/\/www.capotex.com\/fr\/capotex-exposera-a-exposibram-avec-pimasa-brasil\/","title":{"rendered":"Capotex exposera \u00e0 Exposibram avec Pimasa Brasil"},"content":{"rendered":"\t\t<div data-elementor-type=\"wp-post\" data-elementor-id=\"26685\" class=\"elementor elementor-26685 elementor-21771\" data-elementor-post-type=\"post\">\n\t\t\t\t\t\t<section class=\"elementor-section elementor-top-section elementor-element elementor-element-18d4caa elementor-section-boxed elementor-section-height-default elementor-section-height-default\" data-id=\"18d4caa\" data-element_type=\"section\" data-e-type=\"section\">\n\t\t\t\t\t\t<div class=\"elementor-container elementor-column-gap-default\">\n\t\t\t\t\t<div class=\"elementor-column elementor-col-100 elementor-top-column elementor-element elementor-element-7c98ee7\" data-id=\"7c98ee7\" data-element_type=\"column\" data-e-type=\"column\">\n\t\t\t<div class=\"elementor-widget-wrap elementor-element-populated\">\n\t\t\t\t\t\t<div class=\"elementor-element elementor-element-7b1b1de elementor-widget elementor-widget-text-editor\" data-id=\"7b1b1de\" data-element_type=\"widget\" data-e-type=\"widget\" data-widget_type=\"text-editor.default\">\n\t\t\t\t<div class=\"elementor-widget-container\">\n\t\t\t\t\t\t\t\t\t<p><a href=\"https:\/\/www.capotex.com\/fr\/blog-et-nouvelles\/\">Retour au blog et aux nouvelles<\/a><\/p>\n\t\t\t\t\t\t\t\t<\/div>\n\t\t\t\t<\/div>\n\t\t\t\t<div class=\"elementor-element elementor-element-931695a elementor-widget elementor-widget-heading\" data-id=\"931695a\" data-element_type=\"widget\" data-e-type=\"widget\" data-widget_type=\"heading.default\">\n\t\t\t\t<div class=\"elementor-widget-container\">\n\t\t\t\t\t<h1 class=\"elementor-heading-title elementor-size-default\">Capotex exposera \u00e0 Exposibram avec Pimasa Brasil<\/h1>\t\t\t\t<\/div>\n\t\t\t\t<\/div>\n\t\t\t\t<div class=\"elementor-element elementor-element-3e15c8b animated-slow elementor-invisible elementor-widget elementor-widget-image\" data-id=\"3e15c8b\" data-element_type=\"widget\" data-e-type=\"widget\" data-settings=\"{&quot;_animation&quot;:&quot;zoomIn&quot;}\" data-widget_type=\"image.default\">\n\t\t\t\t<div class=\"elementor-widget-container\">\n\t\t\t\t\t\t\t\t\t\t\t\t\t\t\t<img fetchpriority=\"high\" decoding=\"async\" width=\"683\" height=\"274\" src=\"https:\/\/www.capotex.com\/wp-content\/uploads\/2022\/09\/Exposibram-2022.webp\" class=\"attachment-full size-full wp-image-23329\" alt=\"Capotex will be present at Exposibram 2022\" srcset=\"https:\/\/www.capotex.com\/wp-content\/uploads\/2022\/09\/Exposibram-2022.webp 683w, https:\/\/www.capotex.com\/wp-content\/uploads\/2022\/09\/Exposibram-2022-300x120.webp 300w\" sizes=\"(max-width: 683px) 100vw, 683px\" \/>\t\t\t\t\t\t\t\t\t\t\t\t\t\t\t<\/div>\n\t\t\t\t<\/div>\n\t\t\t\t<div class=\"elementor-element elementor-element-42f4a13 elementor-widget elementor-widget-text-editor\" data-id=\"42f4a13\" data-element_type=\"widget\" data-e-type=\"widget\" data-widget_type=\"text-editor.default\">\n\t\t\t\t<div class=\"elementor-widget-container\">\n\t\t\t\t\t\t\t\t\tseptembre 8, 2022\t\t\t\t\t\t\t\t<\/div>\n\t\t\t\t<\/div>\n\t\t\t\t<div class=\"elementor-element elementor-element-2c4100d elementor-widget elementor-widget-text-editor\" data-id=\"2c4100d\" data-element_type=\"widget\" data-e-type=\"widget\" data-widget_type=\"text-editor.default\">\n\t\t\t\t<div class=\"elementor-widget-container\">\n\t\t\t\t\t\t\t\t\t<p>Capotex exposera avec Pimasa Brasil \u00e0 <a href=\"https:\/\/exposibram2022.ibram.org.br\/\" target=\"_blank\" rel=\"noopener\">Exposibram<\/a>, stand B13, du 12 au 15 septembre.<\/p>\n<p>Consid\u00e9r\u00e9 comme l&rsquo;un des \u00e9v\u00e9nements miniers les plus importants d&rsquo;Am\u00e9rique latine, le congr\u00e8s et l&rsquo;exposition mini\u00e8re du Br\u00e9sil (EXPOSIBRAM) est organis\u00e9 chaque ann\u00e9e par l&rsquo;IBRAM, avec le parrainage de grandes entreprises et la participation des principales entit\u00e9s li\u00e9es au secteur minier.<\/p>\n<p>La foire internationale est la plus grande vitrine permettant aux entreprises de g\u00e9n\u00e9rer des affaires.<\/p>\n<p>Le congr\u00e8s examine les sc\u00e9narios et r\u00e9v\u00e8le les tendances dans ce segment.<\/p>\n\t\t\t\t\t\t\t\t<\/div>\n\t\t\t\t<\/div>\n\t\t\t\t\t<\/div>\n\t\t<\/div>\n\t\t\t\t\t<\/div>\n\t\t<\/section>\n\t\t<div class=\"elementor-element elementor-element-7a717c1 e-flex e-con-boxed e-con e-parent\" data-id=\"7a717c1\" data-element_type=\"container\" data-e-type=\"container\">\n\t\t\t\t\t<div class=\"e-con-inner\">\n\t\t\t\t<div class=\"elementor-element elementor-element-f594cd1 elementor-post-navigation-borders-yes elementor-widget elementor-widget-post-navigation\" data-id=\"f594cd1\" data-element_type=\"widget\" data-e-type=\"widget\" data-widget_type=\"post-navigation.default\">\n\t\t\t\t<div class=\"elementor-widget-container\">\n\t\t\t\t\t\t\t<div class=\"elementor-post-navigation\" role=\"navigation\" aria-label=\"Navigation de publication\">\n\t\t\t<div class=\"elementor-post-navigation__prev elementor-post-navigation__link\">\n\t\t\t\t<a href=\"https:\/\/www.capotex.com\/fr\/venez-nous-rendre-visite-lors-des-prochains-salons-dautomne\/\" rel=\"prev\"><span class=\"post-navigation__arrow-wrapper post-navigation__arrow-prev\"><i aria-hidden=\"true\" class=\"fas fa-angle-left\"><\/i><span class=\"elementor-screen-only\">Pr\u00e9c\u00e9dent<\/span><\/span><span class=\"elementor-post-navigation__link__prev\"><span class=\"post-navigation__prev--label\">Pr\u00e9c\u00e9dent<\/span><span class=\"post-navigation__prev--title\">Venez nous rendre visite lors des prochains salons d&rsquo;automne<\/span><\/span><\/a>\t\t\t<\/div>\n\t\t\t\t\t\t\t<div class=\"elementor-post-navigation__separator-wrapper\">\n\t\t\t\t\t<div class=\"elementor-post-navigation__separator\"><\/div>\n\t\t\t\t<\/div>\n\t\t\t\t\t\t<div class=\"elementor-post-navigation__next elementor-post-navigation__link\">\n\t\t\t\t<a href=\"https:\/\/www.capotex.com\/fr\/pimasa-et-capotex-a-exposibram-brasil-2022\/\" rel=\"next\"><span class=\"elementor-post-navigation__link__next\"><span class=\"post-navigation__next--label\">Suivant<\/span><span class=\"post-navigation__next--title\">Pimasa et Capotex \u00e0 Exposibram Brasil 2022<\/span><\/span><span class=\"post-navigation__arrow-wrapper post-navigation__arrow-next\"><i aria-hidden=\"true\" class=\"fas fa-angle-right\"><\/i><span class=\"elementor-screen-only\">Suivant<\/span><\/span><\/a>\t\t\t<\/div>\n\t\t<\/div>\n\t\t\t\t\t\t<\/div>\n\t\t\t\t<\/div>\n\t\t\t\t\t<\/div>\n\t\t\t\t<\/div>\n\t\t\t\t<\/div>\n\t\t","protected":false},"excerpt":{"rendered":"<p>Retour au blog et aux nouvelles Capotex exposera avec Pimasa Brasil \u00e0 Exposibram, stand B13, du 12 au 15 septembre. Consid\u00e9r\u00e9 comme l&rsquo;un des \u00e9v\u00e9nements miniers les plus importants d&rsquo;Am\u00e9rique latine, le congr\u00e8s et l&rsquo;exposition mini\u00e8re du Br\u00e9sil (EXPOSIBRAM) est organis\u00e9 chaque ann\u00e9e par l&rsquo;IBRAM, avec le parrainage de grandes entreprises et la participation des [&hellip;]<\/p>\n","protected":false},"author":1,"featured_media":23329,"comment_status":"closed","ping_status":"closed","sticky":false,"template":"","format":"standard","meta":{"_joinchat":[],"footnotes":""},"categories":[83],"tags":[],"class_list":["post-26685","post","type-post","status-publish","format-standard","has-post-thumbnail","hentry","category-foires-et-expositions"],"_links":{"self":[{"href":"https:\/\/www.capotex.com\/fr\/wp-json\/wp\/v2\/posts\/26685","targetHints":{"allow":["GET"]}}],"collection":[{"href":"https:\/\/www.capotex.com\/fr\/wp-json\/wp\/v2\/posts"}],"about":[{"href":"https:\/\/www.capotex.com\/fr\/wp-json\/wp\/v2\/types\/post"}],"author":[{"embeddable":true,"href":"https:\/\/www.capotex.com\/fr\/wp-json\/wp\/v2\/users\/1"}],"replies":[{"embeddable":true,"href":"https:\/\/www.capotex.com\/fr\/wp-json\/wp\/v2\/comments?post=26685"}],"version-history":[{"count":1,"href":"https:\/\/www.capotex.com\/fr\/wp-json\/wp\/v2\/posts\/26685\/revisions"}],"predecessor-version":[{"id":26688,"href":"https:\/\/www.capotex.com\/fr\/wp-json\/wp\/v2\/posts\/26685\/revisions\/26688"}],"wp:featuredmedia":[{"embeddable":true,"href":"https:\/\/www.capotex.com\/fr\/wp-json\/wp\/v2\/media\/23329"}],"wp:attachment":[{"href":"https:\/\/www.capotex.com\/fr\/wp-json\/wp\/v2\/media?parent=26685"}],"wp:term":[{"taxonomy":"category","embeddable":true,"href":"https:\/\/www.capotex.com\/fr\/wp-json\/wp\/v2\/categories?post=26685"},{"taxonomy":"post_tag","embeddable":true,"href":"https:\/\/www.capotex.com\/fr\/wp-json\/wp\/v2\/tags?post=26685"}],"curies":[{"name":"wp","href":"https:\/\/api.w.org\/{rel}","templated":true}]}}